{"id":1629,"date":"2024-10-04T17:26:56","date_gmt":"2024-10-04T15:26:56","guid":{"rendered":"https:\/\/wgphoto.pl\/t\/?p=1629"},"modified":"2024-10-04T17:26:56","modified_gmt":"2024-10-04T15:26:56","slug":"beton-na-powietrzu","status":"publish","type":"post","link":"https:\/\/wgphoto.pl\/t\/?p=1629","title":{"rendered":"Beton na powietrzu"},"content":{"rendered":"\n<figure class=\"wp-block-image aligncenter size-full\"><img loading=\"lazy\" decoding=\"async\" width=\"900\" height=\"900\" src=\"https:\/\/wgphoto.pl\/t\/wp-content\/uploads\/2024\/10\/IMGP2207.jpg\" alt=\"\" class=\"wp-image-1630\" srcset=\"https:\/\/wgphoto.pl\/t\/wp-content\/uploads\/2024\/10\/IMGP2207.jpg 900w, https:\/\/wgphoto.pl\/t\/wp-content\/uploads\/2024\/10\/IMGP2207-300x300.jpg 300w, https:\/\/wgphoto.pl\/t\/wp-content\/uploads\/2024\/10\/IMGP2207-150x150.jpg 150w, https:\/\/wgphoto.pl\/t\/wp-content\/uploads\/2024\/10\/IMGP2207-768x768.jpg 768w\" sizes=\"auto, (max-width: 900px) 100vw, 900px\" \/><\/figure>\n\n\n\n<div class=\"wp-block-group has-global-padding is-layout-constrained wp-block-group-is-layout-constrained\">\n<p>Sewilla, stacja San Juan Bajo. Tony betonu, estakady i dwa 30-metrowe tramwaje, nazywane tutaj metrem, przewo\u017c\u0105ce powietrze. Tak wygl\u0105daj\u0105 realia tutejszego &#8222;metra&#8221;. 18.11.2018<\/p>\n<\/div>\n","protected":false},"excerpt":{"rendered":"<p>Sewilla, stacja San Juan Bajo. Tony betonu, estakady i dwa 30-metrowe tramwaje, nazywane tutaj metrem, przewo\u017c\u0105ce powietrze. Tak wygl\u0105daj\u0105 realia tutejszego &#8222;metra&#8221;. 18.11.2018<\/p>\n","protected":false},"author":1,"featured_media":1630,"comment_status":"open","ping_status":"","sticky":false,"template":"","format":"standard","meta":{"footnotes":""},"categories":[4,156,3],"tags":[624,157,13,159,160,830,389,622,223],"class_list":["post-1629","post","type-post","status-publish","format-standard","has-post-thumbnail","hentry","category-metro","category-rok-2018","category-tramwaj","tag-2018-11-18","tag-caf-urbos","tag-deszcz","tag-hiszpania","tag-hiszpania-2018","tag-metro-de-sevilla","tag-mijanka","tag-sewilla","tag-symetria"],"_links":{"self":[{"href":"https:\/\/wgphoto.pl\/t\/index.php?rest_route=\/wp\/v2\/posts\/1629","targetHints":{"allow":["GET"]}}],"collection":[{"href":"https:\/\/wgphoto.pl\/t\/index.php?rest_route=\/wp\/v2\/posts"}],"about":[{"href":"https:\/\/wgphoto.pl\/t\/index.php?rest_route=\/wp\/v2\/types\/post"}],"author":[{"embeddable":true,"href":"https:\/\/wgphoto.pl\/t\/index.php?rest_route=\/wp\/v2\/users\/1"}],"replies":[{"embeddable":true,"href":"https:\/\/wgphoto.pl\/t\/index.php?rest_route=%2Fwp%2Fv2%2Fcomments&post=1629"}],"version-history":[{"count":1,"href":"https:\/\/wgphoto.pl\/t\/index.php?rest_route=\/wp\/v2\/posts\/1629\/revisions"}],"predecessor-version":[{"id":1631,"href":"https:\/\/wgphoto.pl\/t\/index.php?rest_route=\/wp\/v2\/posts\/1629\/revisions\/1631"}],"wp:featuredmedia":[{"embeddable":true,"href":"https:\/\/wgphoto.pl\/t\/index.php?rest_route=\/wp\/v2\/media\/1630"}],"wp:attachment":[{"href":"https:\/\/wgphoto.pl\/t\/index.php?rest_route=%2Fwp%2Fv2%2Fmedia&parent=1629"}],"wp:term":[{"taxonomy":"category","embeddable":true,"href":"https:\/\/wgphoto.pl\/t\/index.php?rest_route=%2Fwp%2Fv2%2Fcategories&post=1629"},{"taxonomy":"post_tag","embeddable":true,"href":"https:\/\/wgphoto.pl\/t\/index.php?rest_route=%2Fwp%2Fv2%2Ftags&post=1629"}],"curies":[{"name":"wp","href":"https:\/\/api.w.org\/{rel}","templated":true}]}}