{"id":16297,"date":"2025-04-16T18:13:18","date_gmt":"2025-04-16T16:13:18","guid":{"rendered":"https:\/\/wgphoto.pl\/t\/?p=16297"},"modified":"2025-04-16T18:13:18","modified_gmt":"2025-04-16T16:13:18","slug":"modernizacja-trwa","status":"publish","type":"post","link":"https:\/\/wgphoto.pl\/t\/?p=16297","title":{"rendered":"Modernizacja trwa"},"content":{"rendered":"\n<figure class=\"wp-block-image aligncenter size-full\"><img loading=\"lazy\" decoding=\"async\" width=\"1050\" height=\"700\" src=\"https:\/\/wgphoto.pl\/t\/wp-content\/uploads\/2025\/04\/dscf6873.jpg\" alt=\"\" class=\"wp-image-16298\" srcset=\"https:\/\/wgphoto.pl\/t\/wp-content\/uploads\/2025\/04\/dscf6873.jpg 1050w, https:\/\/wgphoto.pl\/t\/wp-content\/uploads\/2025\/04\/dscf6873-300x200.jpg 300w, https:\/\/wgphoto.pl\/t\/wp-content\/uploads\/2025\/04\/dscf6873-768x512.jpg 768w\" sizes=\"auto, (max-width: 1050px) 100vw, 1050px\" \/><\/figure>\n\n\n\n<div class=\"wp-block-group has-global-padding is-layout-constrained wp-block-group-is-layout-constrained\">\n<p>EN57-1283 obs\u0142uguje zapewne osob\u00f3wk\u0119 z K\u0119dzierzyna-Ko\u017ala do Wroc\u0142awia, mijaj\u0105c nieco wybrakowan\u0105 zachodni\u0105 g\u0142owic\u0119 stacji O\u0142awa. 04.05.2008<\/p>\n<\/div>\n","protected":false},"excerpt":{"rendered":"<p>EN57-1283 obs\u0142uguje zapewne osob\u00f3wk\u0119 z K\u0119dzierzyna-Ko\u017ala do Wroc\u0142awia, mijaj\u0105c nieco wybrakowan\u0105 zachodni\u0105 g\u0142owic\u0119 stacji O\u0142awa. 04.05.2008<\/p>\n","protected":false},"author":1,"featured_media":16298,"comment_status":"open","ping_status":"","sticky":false,"template":"","format":"standard","meta":{"footnotes":""},"categories":[2,120],"tags":[2782,745,132,173,1726,63,27,711],"class_list":["post-16297","post","type-post","status-publish","format-standard","has-post-thumbnail","hentry","category-kolej","category-rok-2008","tag-2008-05-04","tag-budowa","tag-en57","tag-koncowki","tag-olawa","tag-pkp","tag-polska","tag-tab-pl220"],"_links":{"self":[{"href":"https:\/\/wgphoto.pl\/t\/index.php?rest_route=\/wp\/v2\/posts\/16297","targetHints":{"allow":["GET"]}}],"collection":[{"href":"https:\/\/wgphoto.pl\/t\/index.php?rest_route=\/wp\/v2\/posts"}],"about":[{"href":"https:\/\/wgphoto.pl\/t\/index.php?rest_route=\/wp\/v2\/types\/post"}],"author":[{"embeddable":true,"href":"https:\/\/wgphoto.pl\/t\/index.php?rest_route=\/wp\/v2\/users\/1"}],"replies":[{"embeddable":true,"href":"https:\/\/wgphoto.pl\/t\/index.php?rest_route=%2Fwp%2Fv2%2Fcomments&post=16297"}],"version-history":[{"count":1,"href":"https:\/\/wgphoto.pl\/t\/index.php?rest_route=\/wp\/v2\/posts\/16297\/revisions"}],"predecessor-version":[{"id":16299,"href":"https:\/\/wgphoto.pl\/t\/index.php?rest_route=\/wp\/v2\/posts\/16297\/revisions\/16299"}],"wp:featuredmedia":[{"embeddable":true,"href":"https:\/\/wgphoto.pl\/t\/index.php?rest_route=\/wp\/v2\/media\/16298"}],"wp:attachment":[{"href":"https:\/\/wgphoto.pl\/t\/index.php?rest_route=%2Fwp%2Fv2%2Fmedia&parent=16297"}],"wp:term":[{"taxonomy":"category","embeddable":true,"href":"https:\/\/wgphoto.pl\/t\/index.php?rest_route=%2Fwp%2Fv2%2Fcategories&post=16297"},{"taxonomy":"post_tag","embeddable":true,"href":"https:\/\/wgphoto.pl\/t\/index.php?rest_route=%2Fwp%2Fv2%2Ftags&post=16297"}],"curies":[{"name":"wp","href":"https:\/\/api.w.org\/{rel}","templated":true}]}}