{"id":16309,"date":"2025-04-16T18:17:28","date_gmt":"2025-04-16T16:17:28","guid":{"rendered":"https:\/\/wgphoto.pl\/t\/?p=16309"},"modified":"2025-04-16T18:17:28","modified_gmt":"2025-04-16T16:17:28","slug":"jednotor-omijajacy-kosciol","status":"publish","type":"post","link":"https:\/\/wgphoto.pl\/t\/?p=16309","title":{"rendered":"Jednotor omijaj\u0105cy ko\u015bci\u00f3\u0142"},"content":{"rendered":"\n<figure class=\"wp-block-image aligncenter size-full\"><img loading=\"lazy\" decoding=\"async\" width=\"1200\" height=\"800\" src=\"https:\/\/wgphoto.pl\/t\/wp-content\/uploads\/2025\/04\/IMGP4738.jpg\" alt=\"\" class=\"wp-image-16310\" srcset=\"https:\/\/wgphoto.pl\/t\/wp-content\/uploads\/2025\/04\/IMGP4738.jpg 1200w, https:\/\/wgphoto.pl\/t\/wp-content\/uploads\/2025\/04\/IMGP4738-300x200.jpg 300w, https:\/\/wgphoto.pl\/t\/wp-content\/uploads\/2025\/04\/IMGP4738-768x512.jpg 768w\" sizes=\"auto, (max-width: 1200px) 100vw, 1200px\" \/><\/figure>\n\n\n\n<div class=\"wp-block-group has-global-padding is-layout-constrained wp-block-group-is-layout-constrained\">\n<p>Uj\u0119cie drugie, troch\u0119 lepiej prezentuj\u0105ce jedyn\u0105 \u015bcian\u0119 oraz kolumnad\u0119 pozosta\u0142\u0105 po dawnej \u015bwi\u0105tyni. Tramwaj spokojnie zmie\u015bci\u0142by si\u0119 w bramie, ale zapewne ze wzgl\u0119du na to, aby nie przeje\u017cd\u017ca\u0142 przez g\u0142\u00f3wn\u0105 naw\u0119 by\u0142ego ko\u015bcio\u0142a, zastosowano w tym miejscu kr\u00f3tki jednotor, jedyny zreszt\u0105 w ca\u0142ym mie\u015bcie. 23.10.2017<\/p>\n<\/div>\n","protected":false},"excerpt":{"rendered":"<p>Uj\u0119cie drugie, troch\u0119 lepiej prezentuj\u0105ce jedyn\u0105 \u015bcian\u0119 oraz kolumnad\u0119 pozosta\u0142\u0105 po dawnej \u015bwi\u0105tyni. Tramwaj spokojnie zmie\u015bci\u0142by si\u0119 w bramie, ale zapewne ze wzgl\u0119du na to, aby nie przeje\u017cd\u017ca\u0142 przez g\u0142\u00f3wn\u0105 naw\u0119 by\u0142ego ko\u015bcio\u0142a, zastosowano w tym miejscu kr\u00f3tki jednotor, jedyny zreszt\u0105 w ca\u0142ym mie\u015bcie. 23.10.2017<\/p>\n","protected":false},"author":1,"featured_media":16310,"comment_status":"open","ping_status":"","sticky":false,"template":"","format":"standard","meta":{"footnotes":""},"categories":[368,3],"tags":[836,34,834,833,835,832,110],"class_list":["post-16309","post","type-post","status-publish","format-standard","has-post-thumbnail","hentry","category-rok-2017","category-tramwaj","tag-2017-10-23","tag-architektura","tag-atm-milano","tag-fiat-m8","tag-mediolan","tag-mediolan-2017","tag-wlochy"],"_links":{"self":[{"href":"https:\/\/wgphoto.pl\/t\/index.php?rest_route=\/wp\/v2\/posts\/16309","targetHints":{"allow":["GET"]}}],"collection":[{"href":"https:\/\/wgphoto.pl\/t\/index.php?rest_route=\/wp\/v2\/posts"}],"about":[{"href":"https:\/\/wgphoto.pl\/t\/index.php?rest_route=\/wp\/v2\/types\/post"}],"author":[{"embeddable":true,"href":"https:\/\/wgphoto.pl\/t\/index.php?rest_route=\/wp\/v2\/users\/1"}],"replies":[{"embeddable":true,"href":"https:\/\/wgphoto.pl\/t\/index.php?rest_route=%2Fwp%2Fv2%2Fcomments&post=16309"}],"version-history":[{"count":1,"href":"https:\/\/wgphoto.pl\/t\/index.php?rest_route=\/wp\/v2\/posts\/16309\/revisions"}],"predecessor-version":[{"id":16311,"href":"https:\/\/wgphoto.pl\/t\/index.php?rest_route=\/wp\/v2\/posts\/16309\/revisions\/16311"}],"wp:featuredmedia":[{"embeddable":true,"href":"https:\/\/wgphoto.pl\/t\/index.php?rest_route=\/wp\/v2\/media\/16310"}],"wp:attachment":[{"href":"https:\/\/wgphoto.pl\/t\/index.php?rest_route=%2Fwp%2Fv2%2Fmedia&parent=16309"}],"wp:term":[{"taxonomy":"category","embeddable":true,"href":"https:\/\/wgphoto.pl\/t\/index.php?rest_route=%2Fwp%2Fv2%2Fcategories&post=16309"},{"taxonomy":"post_tag","embeddable":true,"href":"https:\/\/wgphoto.pl\/t\/index.php?rest_route=%2Fwp%2Fv2%2Ftags&post=16309"}],"curies":[{"name":"wp","href":"https:\/\/api.w.org\/{rel}","templated":true}]}}