{"id":16322,"date":"2025-04-16T18:21:23","date_gmt":"2025-04-16T16:21:23","guid":{"rendered":"https:\/\/wgphoto.pl\/t\/?p=16322"},"modified":"2025-04-16T18:21:23","modified_gmt":"2025-04-16T16:21:23","slug":"swiety-krzyz","status":"publish","type":"post","link":"https:\/\/wgphoto.pl\/t\/?p=16322","title":{"rendered":"\u015awi\u0119ty Krzy\u017c"},"content":{"rendered":"\n<figure class=\"wp-block-image aligncenter size-full\"><img loading=\"lazy\" decoding=\"async\" width=\"1200\" height=\"795\" src=\"https:\/\/wgphoto.pl\/t\/wp-content\/uploads\/2025\/04\/IMGP7142.jpg\" alt=\"\" class=\"wp-image-16323\" srcset=\"https:\/\/wgphoto.pl\/t\/wp-content\/uploads\/2025\/04\/IMGP7142.jpg 1200w, https:\/\/wgphoto.pl\/t\/wp-content\/uploads\/2025\/04\/IMGP7142-300x199.jpg 300w, https:\/\/wgphoto.pl\/t\/wp-content\/uploads\/2025\/04\/IMGP7142-768x509.jpg 768w\" sizes=\"auto, (max-width: 1200px) 100vw, 1200px\" \/><\/figure>\n\n\n\n<div class=\"wp-block-group has-global-padding is-layout-constrained wp-block-group-is-layout-constrained\">\n<p>Nie, kolej nie dotar\u0142a wg\u0142\u0105b G\u00f3r \u015awi\u0119tokrzyskich. Gdyby tak by\u0142o, znajdowaliby\u015bmy si\u0119 jakie\u015b 400 metr\u00f3w w chmurach, stacja Ste-Croix mie\u015bci si\u0119 bowiem na wysoko\u015bci 1066 m n.p.m. Nieco ponad 24-kilometrowa trasa z w\u0119z\u0142owego Yverdon-les-Bains, gdzie mo\u017cna si\u0119 przesi\u0105\u015b\u0107 na poci\u0105g normalnotorowy, wspina si\u0119 tu 631 metr\u00f3w w g\u00f3r\u0119 po maksymalnym nachyleniu 44\u2030. Obs\u0142ug\u0119 zapewniaj\u0105, jak to w Szwajcarii, r\u00f3\u017cnorodne pojazdy wyst\u0119puj\u0105ce w kilku egzemplarzach. Najnowszymi z nich s\u0105 jednostki Stadlera &#8211; takie jak na zdj\u0119ciu. Nie s\u0105 to sk\u0142ady zespolone, ka\u017cdy wagon \u017cyje tutaj w\u0142asnym \u017cyciem. 21.03.2018<\/p>\n<\/div>\n","protected":false},"excerpt":{"rendered":"<p>Nie, kolej nie dotar\u0142a wg\u0142\u0105b G\u00f3r \u015awi\u0119tokrzyskich. Gdyby tak by\u0142o, znajdowaliby\u015bmy si\u0119 jakie\u015b 400 metr\u00f3w w chmurach, stacja Ste-Croix mie\u015bci si\u0119 bowiem na wysoko\u015bci 1066 m n.p.m. Nieco ponad 24-kilometrowa trasa z w\u0119z\u0142owego Yverdon-les-Bains, gdzie mo\u017cna si\u0119 przesi\u0105\u015b\u0107 na poci\u0105g normalnotorowy, wspina si\u0119 tu 631 metr\u00f3w w g\u00f3r\u0119 po maksymalnym nachyleniu 44\u2030. Obs\u0142ug\u0119 zapewniaj\u0105, jak [&hellip;]<\/p>\n","protected":false},"author":1,"featured_media":16323,"comment_status":"open","ping_status":"","sticky":false,"template":"","format":"standard","meta":{"footnotes":""},"categories":[2,156],"tags":[188,114,3692,44,183,186,3693],"class_list":["post-16322","post","type-post","status-publish","format-standard","has-post-thumbnail","hentry","category-kolej","category-rok-2018","tag-2018-03-21","tag-gory","tag-sainte-croix","tag-snieg","tag-suissetrip-2018","tag-szwajcaria","tag-travys"],"_links":{"self":[{"href":"https:\/\/wgphoto.pl\/t\/index.php?rest_route=\/wp\/v2\/posts\/16322","targetHints":{"allow":["GET"]}}],"collection":[{"href":"https:\/\/wgphoto.pl\/t\/index.php?rest_route=\/wp\/v2\/posts"}],"about":[{"href":"https:\/\/wgphoto.pl\/t\/index.php?rest_route=\/wp\/v2\/types\/post"}],"author":[{"embeddable":true,"href":"https:\/\/wgphoto.pl\/t\/index.php?rest_route=\/wp\/v2\/users\/1"}],"replies":[{"embeddable":true,"href":"https:\/\/wgphoto.pl\/t\/index.php?rest_route=%2Fwp%2Fv2%2Fcomments&post=16322"}],"version-history":[{"count":1,"href":"https:\/\/wgphoto.pl\/t\/index.php?rest_route=\/wp\/v2\/posts\/16322\/revisions"}],"predecessor-version":[{"id":16324,"href":"https:\/\/wgphoto.pl\/t\/index.php?rest_route=\/wp\/v2\/posts\/16322\/revisions\/16324"}],"wp:featuredmedia":[{"embeddable":true,"href":"https:\/\/wgphoto.pl\/t\/index.php?rest_route=\/wp\/v2\/media\/16323"}],"wp:attachment":[{"href":"https:\/\/wgphoto.pl\/t\/index.php?rest_route=%2Fwp%2Fv2%2Fmedia&parent=16322"}],"wp:term":[{"taxonomy":"category","embeddable":true,"href":"https:\/\/wgphoto.pl\/t\/index.php?rest_route=%2Fwp%2Fv2%2Fcategories&post=16322"},{"taxonomy":"post_tag","embeddable":true,"href":"https:\/\/wgphoto.pl\/t\/index.php?rest_route=%2Fwp%2Fv2%2Ftags&post=16322"}],"curies":[{"name":"wp","href":"https:\/\/api.w.org\/{rel}","templated":true}]}}