{"id":16328,"date":"2025-04-16T18:24:06","date_gmt":"2025-04-16T16:24:06","guid":{"rendered":"https:\/\/wgphoto.pl\/t\/?p=16328"},"modified":"2025-04-16T18:24:06","modified_gmt":"2025-04-16T16:24:06","slug":"ostatni-dzien-zimy-2","status":"publish","type":"post","link":"https:\/\/wgphoto.pl\/t\/?p=16328","title":{"rendered":"Ostatni dzie\u0144 zimy"},"content":{"rendered":"\n<figure class=\"wp-block-image aligncenter size-full\"><img loading=\"lazy\" decoding=\"async\" width=\"1200\" height=\"795\" src=\"https:\/\/wgphoto.pl\/t\/wp-content\/uploads\/2025\/04\/IMGP6971.jpg\" alt=\"\" class=\"wp-image-16329\" srcset=\"https:\/\/wgphoto.pl\/t\/wp-content\/uploads\/2025\/04\/IMGP6971.jpg 1200w, https:\/\/wgphoto.pl\/t\/wp-content\/uploads\/2025\/04\/IMGP6971-300x199.jpg 300w, https:\/\/wgphoto.pl\/t\/wp-content\/uploads\/2025\/04\/IMGP6971-768x509.jpg 768w\" sizes=\"auto, (max-width: 1200px) 100vw, 1200px\" \/><\/figure>\n\n\n\n<div class=\"wp-block-group has-global-padding is-layout-constrained wp-block-group-is-layout-constrained\">\n<p>Miluza, Boulevard Charles Stoessel. \u015anieg na mi\u0119dzytorzu oraz ubi\u00f3r ludzi na przystanku sugeruj\u0105, \u017ce nie by\u0142o tego dnia zbyt ciep\u0142o, a ja to mog\u0119 potwierdzi\u0107, bo w\u0142a\u015bnie w Miluzie najbardziej podczas ca\u0142ego wyjazdu zmarz\u0142a mi du\u2026, co kalendarzowo zbieg\u0142o si\u0119 zreszt\u0105 z ostatnim dniem zimy. \ud83d\ude09 20.03.2018<\/p>\n<\/div>\n","protected":false},"excerpt":{"rendered":"<p>Miluza, Boulevard Charles Stoessel. \u015anieg na mi\u0119dzytorzu oraz ubi\u00f3r ludzi na przystanku sugeruj\u0105, \u017ce nie by\u0142o tego dnia zbyt ciep\u0142o, a ja to mog\u0119 potwierdzi\u0107, bo w\u0142a\u015bnie w Miluzie najbardziej podczas ca\u0142ego wyjazdu zmarz\u0142a mi du\u2026, co kalendarzowo zbieg\u0142o si\u0119 zreszt\u0105 z ostatnim dniem zimy. \ud83d\ude09 20.03.2018<\/p>\n","protected":false},"author":1,"featured_media":16329,"comment_status":"open","ping_status":"","sticky":false,"template":"","format":"standard","meta":{"footnotes":""},"categories":[156,3],"tags":[602,170,415,601,183,600],"class_list":["post-16328","post","type-post","status-publish","format-standard","has-post-thumbnail","hentry","category-rok-2018","category-tramwaj","tag-2018-03-20","tag-alstom-citadis302","tag-francja","tag-miluza","tag-suissetrip-2018","tag-tram-mulhouse"],"_links":{"self":[{"href":"https:\/\/wgphoto.pl\/t\/index.php?rest_route=\/wp\/v2\/posts\/16328","targetHints":{"allow":["GET"]}}],"collection":[{"href":"https:\/\/wgphoto.pl\/t\/index.php?rest_route=\/wp\/v2\/posts"}],"about":[{"href":"https:\/\/wgphoto.pl\/t\/index.php?rest_route=\/wp\/v2\/types\/post"}],"author":[{"embeddable":true,"href":"https:\/\/wgphoto.pl\/t\/index.php?rest_route=\/wp\/v2\/users\/1"}],"replies":[{"embeddable":true,"href":"https:\/\/wgphoto.pl\/t\/index.php?rest_route=%2Fwp%2Fv2%2Fcomments&post=16328"}],"version-history":[{"count":1,"href":"https:\/\/wgphoto.pl\/t\/index.php?rest_route=\/wp\/v2\/posts\/16328\/revisions"}],"predecessor-version":[{"id":16330,"href":"https:\/\/wgphoto.pl\/t\/index.php?rest_route=\/wp\/v2\/posts\/16328\/revisions\/16330"}],"wp:featuredmedia":[{"embeddable":true,"href":"https:\/\/wgphoto.pl\/t\/index.php?rest_route=\/wp\/v2\/media\/16329"}],"wp:attachment":[{"href":"https:\/\/wgphoto.pl\/t\/index.php?rest_route=%2Fwp%2Fv2%2Fmedia&parent=16328"}],"wp:term":[{"taxonomy":"category","embeddable":true,"href":"https:\/\/wgphoto.pl\/t\/index.php?rest_route=%2Fwp%2Fv2%2Fcategories&post=16328"},{"taxonomy":"post_tag","embeddable":true,"href":"https:\/\/wgphoto.pl\/t\/index.php?rest_route=%2Fwp%2Fv2%2Ftags&post=16328"}],"curies":[{"name":"wp","href":"https:\/\/api.w.org\/{rel}","templated":true}]}}