{"id":16334,"date":"2025-04-16T18:26:07","date_gmt":"2025-04-16T16:26:07","guid":{"rendered":"https:\/\/wgphoto.pl\/t\/?p=16334"},"modified":"2025-04-16T18:26:07","modified_gmt":"2025-04-16T16:26:07","slug":"23-metry-tramwaju","status":"publish","type":"post","link":"https:\/\/wgphoto.pl\/t\/?p=16334","title":{"rendered":"23 metry tramwaju"},"content":{"rendered":"\n<figure class=\"wp-block-image aligncenter size-full\"><img loading=\"lazy\" decoding=\"async\" width=\"1200\" height=\"795\" src=\"https:\/\/wgphoto.pl\/t\/wp-content\/uploads\/2025\/04\/IMGP7425.jpg\" alt=\"\" class=\"wp-image-16335\" srcset=\"https:\/\/wgphoto.pl\/t\/wp-content\/uploads\/2025\/04\/IMGP7425.jpg 1200w, https:\/\/wgphoto.pl\/t\/wp-content\/uploads\/2025\/04\/IMGP7425-300x199.jpg 300w, https:\/\/wgphoto.pl\/t\/wp-content\/uploads\/2025\/04\/IMGP7425-768x509.jpg 768w\" sizes=\"auto, (max-width: 1200px) 100vw, 1200px\" \/><\/figure>\n\n\n\n<div class=\"wp-block-group has-global-padding is-layout-constrained wp-block-group-is-layout-constrained\">\n<p>Besan\u00e7on, Pont de Battant. Kr\u00f3tki CAF wje\u017cd\u017ca na most nad rzek\u0105 Doubs. Po prawej mo\u017cna zaobserwowa\u0107 sygnalizator tramwajowy o znanej budowie, lecz warto zwr\u00f3ci\u0107 uwag\u0119 na dodatkowa komor\u0119 pod spodem. \u017b\u00f3\u0142ty romb oznacza, \u017ce ITS wykry\u0142 tramwaj (co\u015b widocznie jecha\u0142o zza moich plec\u00f3w), a niebieski wykrzyknik znajduj\u0105cy si\u0119 obok wskazuje, \u017ce za chwil\u0119 zostanie podane zezwolenie na wjazd (odpowiednik wroc\u0142awskiej odliczarki). 2018-03-23<\/p>\n<\/div>\n","protected":false},"excerpt":{"rendered":"<p>Besan\u00e7on, Pont de Battant. Kr\u00f3tki CAF wje\u017cd\u017ca na most nad rzek\u0105 Doubs. Po prawej mo\u017cna zaobserwowa\u0107 sygnalizator tramwajowy o znanej budowie, lecz warto zwr\u00f3ci\u0107 uwag\u0119 na dodatkowa komor\u0119 pod spodem. \u017b\u00f3\u0142ty romb oznacza, \u017ce ITS wykry\u0142 tramwaj (co\u015b widocznie jecha\u0142o zza moich plec\u00f3w), a niebieski wykrzyknik znajduj\u0105cy si\u0119 obok wskazuje, \u017ce za chwil\u0119 zostanie podane [&hellip;]<\/p>\n","protected":false},"author":1,"featured_media":16335,"comment_status":"open","ping_status":"","sticky":false,"template":"","format":"standard","meta":{"footnotes":""},"categories":[156,3],"tags":[1509,34,1507,157,415,1508,183],"class_list":["post-16334","post","type-post","status-publish","format-standard","has-post-thumbnail","hentry","category-rok-2018","category-tramwaj","tag-2018-03-23","tag-architektura","tag-besancon","tag-caf-urbos","tag-francja","tag-mobilites-besancon","tag-suissetrip-2018"],"_links":{"self":[{"href":"https:\/\/wgphoto.pl\/t\/index.php?rest_route=\/wp\/v2\/posts\/16334","targetHints":{"allow":["GET"]}}],"collection":[{"href":"https:\/\/wgphoto.pl\/t\/index.php?rest_route=\/wp\/v2\/posts"}],"about":[{"href":"https:\/\/wgphoto.pl\/t\/index.php?rest_route=\/wp\/v2\/types\/post"}],"author":[{"embeddable":true,"href":"https:\/\/wgphoto.pl\/t\/index.php?rest_route=\/wp\/v2\/users\/1"}],"replies":[{"embeddable":true,"href":"https:\/\/wgphoto.pl\/t\/index.php?rest_route=%2Fwp%2Fv2%2Fcomments&post=16334"}],"version-history":[{"count":1,"href":"https:\/\/wgphoto.pl\/t\/index.php?rest_route=\/wp\/v2\/posts\/16334\/revisions"}],"predecessor-version":[{"id":16336,"href":"https:\/\/wgphoto.pl\/t\/index.php?rest_route=\/wp\/v2\/posts\/16334\/revisions\/16336"}],"wp:featuredmedia":[{"embeddable":true,"href":"https:\/\/wgphoto.pl\/t\/index.php?rest_route=\/wp\/v2\/media\/16335"}],"wp:attachment":[{"href":"https:\/\/wgphoto.pl\/t\/index.php?rest_route=%2Fwp%2Fv2%2Fmedia&parent=16334"}],"wp:term":[{"taxonomy":"category","embeddable":true,"href":"https:\/\/wgphoto.pl\/t\/index.php?rest_route=%2Fwp%2Fv2%2Fcategories&post=16334"},{"taxonomy":"post_tag","embeddable":true,"href":"https:\/\/wgphoto.pl\/t\/index.php?rest_route=%2Fwp%2Fv2%2Ftags&post=16334"}],"curies":[{"name":"wp","href":"https:\/\/api.w.org\/{rel}","templated":true}]}}