{"id":16337,"date":"2025-04-16T18:27:02","date_gmt":"2025-04-16T16:27:02","guid":{"rendered":"https:\/\/wgphoto.pl\/t\/?p=16337"},"modified":"2025-04-16T18:27:02","modified_gmt":"2025-04-16T16:27:02","slug":"tabela-215","status":"publish","type":"post","link":"https:\/\/wgphoto.pl\/t\/?p=16337","title":{"rendered":"Tabela 215"},"content":{"rendered":"\n<figure class=\"wp-block-image aligncenter size-full\"><img loading=\"lazy\" decoding=\"async\" width=\"1200\" height=\"795\" src=\"https:\/\/wgphoto.pl\/t\/wp-content\/uploads\/2025\/04\/IMGP7796.jpg\" alt=\"\" class=\"wp-image-16338\" srcset=\"https:\/\/wgphoto.pl\/t\/wp-content\/uploads\/2025\/04\/IMGP7796.jpg 1200w, https:\/\/wgphoto.pl\/t\/wp-content\/uploads\/2025\/04\/IMGP7796-300x199.jpg 300w, https:\/\/wgphoto.pl\/t\/wp-content\/uploads\/2025\/04\/IMGP7796-768x509.jpg 768w\" sizes=\"auto, (max-width: 1200px) 100vw, 1200px\" \/><\/figure>\n\n\n\n<div class=\"wp-block-group has-global-padding is-layout-constrained wp-block-group-is-layout-constrained\">\n<p>Zestaw 502+553 odje\u017cd\u017ca z mijanki Areuse w drodze do Neuch\u00e2tel. Tramwaj to czy kolej? Podobno wszyscy m\u00f3wi\u0105 na to tramwaj (ja tam nie s\u0142ysza\u0142em \u017ceby m\u00f3wili jakkolwiek), linia klasyfikowana jest w r\u00f3\u017cnych zestawieniach jako tramwaj, a operatorem jest sp\u00f3\u0142ka Les Transports publics du Littoral neuch\u00e2telois, zapewniaj\u0105ca w mie\u015bcie r\u00f3wnie\u017c komunikacj\u0119 autobusow\u0105 i trolejbusow\u0105. Z drugiej strony trasa wybiega poza miasto, jest w pe\u0142ni odseparowana od ruchu ko\u0142owego i jednotorowa, zatem spos\u00f3b prowadzenia ruchu w oparciu o wskazania semafor\u00f3w przypomina bardziej kolej. Jednakowe wagony spotkamy jeszcze w Szwajcarii na innych trasach z pogranicza tramwaju i kolei (ale bardziej jednak kolei). Interesuj\u0105cy jest r\u00f3wnie\u017c numer linii (215), zaczerpni\u0119ty z\u2026 numeru tabeli sieciowego rozk\u0142adu jazdy poci\u0105g\u00f3w, obejmuj\u0105cej t\u0119 w\u0142a\u015bnie tras\u0119 z Neuch\u00e2tel do nieodleg\u0142ej miejscowo\u015bci Boudry. 24.03.2018<\/p>\n<\/div>\n","protected":false},"excerpt":{"rendered":"<p>Zestaw 502+553 odje\u017cd\u017ca z mijanki Areuse w drodze do Neuch\u00e2tel. Tramwaj to czy kolej? Podobno wszyscy m\u00f3wi\u0105 na to tramwaj (ja tam nie s\u0142ysza\u0142em \u017ceby m\u00f3wili jakkolwiek), linia klasyfikowana jest w r\u00f3\u017cnych zestawieniach jako tramwaj, a operatorem jest sp\u00f3\u0142ka Les Transports publics du Littoral neuch\u00e2telois, zapewniaj\u0105ca w mie\u015bcie r\u00f3wnie\u017c komunikacj\u0119 autobusow\u0105 i trolejbusow\u0105. Z drugiej [&hellip;]<\/p>\n","protected":false},"author":1,"featured_media":16338,"comment_status":"open","ping_status":"","sticky":false,"template":"","format":"standard","meta":{"footnotes":""},"categories":[156,3],"tags":[396,114,2629,1423,183,186],"class_list":["post-16337","post","type-post","status-publish","format-standard","has-post-thumbnail","hentry","category-rok-2018","category-tramwaj","tag-2018-03-24","tag-gory","tag-neuchatel","tag-schindler-be","tag-suissetrip-2018","tag-szwajcaria"],"_links":{"self":[{"href":"https:\/\/wgphoto.pl\/t\/index.php?rest_route=\/wp\/v2\/posts\/16337","targetHints":{"allow":["GET"]}}],"collection":[{"href":"https:\/\/wgphoto.pl\/t\/index.php?rest_route=\/wp\/v2\/posts"}],"about":[{"href":"https:\/\/wgphoto.pl\/t\/index.php?rest_route=\/wp\/v2\/types\/post"}],"author":[{"embeddable":true,"href":"https:\/\/wgphoto.pl\/t\/index.php?rest_route=\/wp\/v2\/users\/1"}],"replies":[{"embeddable":true,"href":"https:\/\/wgphoto.pl\/t\/index.php?rest_route=%2Fwp%2Fv2%2Fcomments&post=16337"}],"version-history":[{"count":1,"href":"https:\/\/wgphoto.pl\/t\/index.php?rest_route=\/wp\/v2\/posts\/16337\/revisions"}],"predecessor-version":[{"id":16339,"href":"https:\/\/wgphoto.pl\/t\/index.php?rest_route=\/wp\/v2\/posts\/16337\/revisions\/16339"}],"wp:featuredmedia":[{"embeddable":true,"href":"https:\/\/wgphoto.pl\/t\/index.php?rest_route=\/wp\/v2\/media\/16338"}],"wp:attachment":[{"href":"https:\/\/wgphoto.pl\/t\/index.php?rest_route=%2Fwp%2Fv2%2Fmedia&parent=16337"}],"wp:term":[{"taxonomy":"category","embeddable":true,"href":"https:\/\/wgphoto.pl\/t\/index.php?rest_route=%2Fwp%2Fv2%2Fcategories&post=16337"},{"taxonomy":"post_tag","embeddable":true,"href":"https:\/\/wgphoto.pl\/t\/index.php?rest_route=%2Fwp%2Fv2%2Ftags&post=16337"}],"curies":[{"name":"wp","href":"https:\/\/api.w.org\/{rel}","templated":true}]}}