{"id":16340,"date":"2025-04-16T18:28:03","date_gmt":"2025-04-16T16:28:03","guid":{"rendered":"https:\/\/wgphoto.pl\/t\/?p=16340"},"modified":"2025-04-16T18:28:03","modified_gmt":"2025-04-16T16:28:03","slug":"tramwaj-w-walbrzychu","status":"publish","type":"post","link":"https:\/\/wgphoto.pl\/t\/?p=16340","title":{"rendered":"Tramwaj w Wa\u0142brzychu"},"content":{"rendered":"\n<figure class=\"wp-block-image aligncenter size-full\"><img loading=\"lazy\" decoding=\"async\" width=\"1200\" height=\"795\" src=\"https:\/\/wgphoto.pl\/t\/wp-content\/uploads\/2025\/04\/IMGP7352.jpg\" alt=\"\" class=\"wp-image-16341\" srcset=\"https:\/\/wgphoto.pl\/t\/wp-content\/uploads\/2025\/04\/IMGP7352.jpg 1200w, https:\/\/wgphoto.pl\/t\/wp-content\/uploads\/2025\/04\/IMGP7352-300x199.jpg 300w, https:\/\/wgphoto.pl\/t\/wp-content\/uploads\/2025\/04\/IMGP7352-768x509.jpg 768w\" sizes=\"auto, (max-width: 1200px) 100vw, 1200px\" \/><\/figure>\n\n\n\n<div class=\"wp-block-group has-global-padding is-layout-constrained wp-block-group-is-layout-constrained\">\n<p>\u2026a tak naprawd\u0119 to nie w Wa\u0142brzychu tylko w Waldenburgu i nie tramwaj tylko poci\u0105g. Pomimo jednakowego taboru jak na s\u0105siednim zdj\u0119ciu z Neuch\u00e2tel, trasa ta jest klasyfikowana jako typowa kolej, pomimo tego \u017ce na wioskach poci\u0105gi wje\u017cd\u017caj\u0105 na ulic\u0119. Maj\u0105 jednak wydzielone torowisko. Na zdj\u0119ciu: poci\u0105g nr 3168 relacji Liesetal &#8211; Waldenburg zatrzyma\u0142 si\u0119 na przystanku Oberdorf. Do ko\u0144ca 13-kilometrowej trasy pozosta\u0142 ju\u017c tylko kilometr. 22.03.2018<\/p>\n<\/div>\n","protected":false},"excerpt":{"rendered":"<p>\u2026a tak naprawd\u0119 to nie w Wa\u0142brzychu tylko w Waldenburgu i nie tramwaj tylko poci\u0105g. Pomimo jednakowego taboru jak na s\u0105siednim zdj\u0119ciu z Neuch\u00e2tel, trasa ta jest klasyfikowana jako typowa kolej, pomimo tego \u017ce na wioskach poci\u0105gi wje\u017cd\u017caj\u0105 na ulic\u0119. Maj\u0105 jednak wydzielone torowisko. Na zdj\u0119ciu: poci\u0105g nr 3168 relacji Liesetal &#8211; Waldenburg zatrzyma\u0142 si\u0119 [&hellip;]<\/p>\n","protected":false},"author":1,"featured_media":16341,"comment_status":"open","ping_status":"","sticky":false,"template":"","format":"standard","meta":{"footnotes":""},"categories":[2,156],"tags":[382,1423,183,186,3695,3694],"class_list":["post-16340","post","type-post","status-publish","format-standard","has-post-thumbnail","hentry","category-kolej","category-rok-2018","tag-2018-03-22","tag-schindler-be","tag-suissetrip-2018","tag-szwajcaria","tag-waldenburg","tag-waldenburgerbahn"],"_links":{"self":[{"href":"https:\/\/wgphoto.pl\/t\/index.php?rest_route=\/wp\/v2\/posts\/16340","targetHints":{"allow":["GET"]}}],"collection":[{"href":"https:\/\/wgphoto.pl\/t\/index.php?rest_route=\/wp\/v2\/posts"}],"about":[{"href":"https:\/\/wgphoto.pl\/t\/index.php?rest_route=\/wp\/v2\/types\/post"}],"author":[{"embeddable":true,"href":"https:\/\/wgphoto.pl\/t\/index.php?rest_route=\/wp\/v2\/users\/1"}],"replies":[{"embeddable":true,"href":"https:\/\/wgphoto.pl\/t\/index.php?rest_route=%2Fwp%2Fv2%2Fcomments&post=16340"}],"version-history":[{"count":1,"href":"https:\/\/wgphoto.pl\/t\/index.php?rest_route=\/wp\/v2\/posts\/16340\/revisions"}],"predecessor-version":[{"id":16342,"href":"https:\/\/wgphoto.pl\/t\/index.php?rest_route=\/wp\/v2\/posts\/16340\/revisions\/16342"}],"wp:featuredmedia":[{"embeddable":true,"href":"https:\/\/wgphoto.pl\/t\/index.php?rest_route=\/wp\/v2\/media\/16341"}],"wp:attachment":[{"href":"https:\/\/wgphoto.pl\/t\/index.php?rest_route=%2Fwp%2Fv2%2Fmedia&parent=16340"}],"wp:term":[{"taxonomy":"category","embeddable":true,"href":"https:\/\/wgphoto.pl\/t\/index.php?rest_route=%2Fwp%2Fv2%2Fcategories&post=16340"},{"taxonomy":"post_tag","embeddable":true,"href":"https:\/\/wgphoto.pl\/t\/index.php?rest_route=%2Fwp%2Fv2%2Ftags&post=16340"}],"curies":[{"name":"wp","href":"https:\/\/api.w.org\/{rel}","templated":true}]}}