{"id":16343,"date":"2025-04-16T18:37:43","date_gmt":"2025-04-16T16:37:43","guid":{"rendered":"https:\/\/wgphoto.pl\/t\/?p=16343"},"modified":"2025-04-16T18:39:06","modified_gmt":"2025-04-16T16:39:06","slug":"kilka-godzin-w-deszczu","status":"publish","type":"post","link":"https:\/\/wgphoto.pl\/t\/?p=16343","title":{"rendered":"Kilka godzin w deszczu"},"content":{"rendered":"\n<figure class=\"wp-block-image aligncenter size-full\"><img loading=\"lazy\" decoding=\"async\" width=\"1200\" height=\"795\" src=\"https:\/\/wgphoto.pl\/t\/wp-content\/uploads\/2025\/04\/IMGP8907.jpg\" alt=\"\" class=\"wp-image-16344\" srcset=\"https:\/\/wgphoto.pl\/t\/wp-content\/uploads\/2025\/04\/IMGP8907.jpg 1200w, https:\/\/wgphoto.pl\/t\/wp-content\/uploads\/2025\/04\/IMGP8907-300x199.jpg 300w, https:\/\/wgphoto.pl\/t\/wp-content\/uploads\/2025\/04\/IMGP8907-768x509.jpg 768w\" sizes=\"auto, (max-width: 1200px) 100vw, 1200px\" \/><\/figure>\n\n\n\n<div class=\"wp-block-group has-global-padding is-layout-constrained wp-block-group-is-layout-constrained\">\n<p>W Karlsruhe mia\u0142em do dyspozycji tylko par\u0119 godzin, kt\u00f3re planowa\u0142em przeznaczy\u0107 na jak\u0105\u015b mas\u00f3wk\u0119 w centrum. Nie spodziewa\u0142em si\u0119 niczego konkretnego poza dwusystemowymi tramwajami na deptaku. Nie wiedzia\u0142em, jaki tabor obs\u0142uguje linie typowo miejskie (jak ta ze zdj\u0119cia) oraz jak rozwi\u0105zano wsp\u00f3lne przystanki dla miejskich niskaczy oraz tramwaj\u00f3w dwusystemowych, kt\u00f3rych konstrukcja musi umo\u017cliwia\u0107 r\u00f3wnie\u017c obs\u0142ug\u0119 peron\u00f3w kolejowych. Okaza\u0142o si\u0119, \u017ce do obs\u0142ugi linii miejskich wykorzystywane s\u0105 m.in. takie pojazdy o szeroko\u015bci 2,65 m i wysoko\u015bci pod\u0142ogi 345 mm, a same perony s\u0105 zazwyczaj podwy\u017cszone. Prowadzenie obserwacji zako\u0144czy\u0142em w wieczornej ulewie, ale i tak kiedy\u015b b\u0119d\u0119 chcia\u0142 tam wr\u00f3ci\u0107, bo ca\u0142y system &#8211; miejski i regionalny &#8211; na pewno kryje jeszcze sporo ciekawostek. 2018-03-28<\/p>\n<\/div>\n","protected":false},"excerpt":{"rendered":"<p>W Karlsruhe mia\u0142em do dyspozycji tylko par\u0119 godzin, kt\u00f3re planowa\u0142em przeznaczy\u0107 na jak\u0105\u015b mas\u00f3wk\u0119 w centrum. Nie spodziewa\u0142em si\u0119 niczego konkretnego poza dwusystemowymi tramwajami na deptaku. Nie wiedzia\u0142em, jaki tabor obs\u0142uguje linie typowo miejskie (jak ta ze zdj\u0119cia) oraz jak rozwi\u0105zano wsp\u00f3lne przystanki dla miejskich niskaczy oraz tramwaj\u00f3w dwusystemowych, kt\u00f3rych konstrukcja musi umo\u017cliwia\u0107 r\u00f3wnie\u017c obs\u0142ug\u0119 [&hellip;]<\/p>\n","protected":false},"author":1,"featured_media":16344,"comment_status":"open","ping_status":"","sticky":false,"template":"","format":"standard","meta":{"footnotes":""},"categories":[156,3],"tags":[1159,3121,239,13,2753,23,183],"class_list":["post-16343","post","type-post","status-publish","format-standard","has-post-thumbnail","hentry","category-rok-2018","category-tramwaj","tag-2018-03-28","tag-citylink","tag-deptak","tag-deszcz","tag-karlsruhe","tag-niemcy","tag-suissetrip-2018"],"_links":{"self":[{"href":"https:\/\/wgphoto.pl\/t\/index.php?rest_route=\/wp\/v2\/posts\/16343","targetHints":{"allow":["GET"]}}],"collection":[{"href":"https:\/\/wgphoto.pl\/t\/index.php?rest_route=\/wp\/v2\/posts"}],"about":[{"href":"https:\/\/wgphoto.pl\/t\/index.php?rest_route=\/wp\/v2\/types\/post"}],"author":[{"embeddable":true,"href":"https:\/\/wgphoto.pl\/t\/index.php?rest_route=\/wp\/v2\/users\/1"}],"replies":[{"embeddable":true,"href":"https:\/\/wgphoto.pl\/t\/index.php?rest_route=%2Fwp%2Fv2%2Fcomments&post=16343"}],"version-history":[{"count":1,"href":"https:\/\/wgphoto.pl\/t\/index.php?rest_route=\/wp\/v2\/posts\/16343\/revisions"}],"predecessor-version":[{"id":16345,"href":"https:\/\/wgphoto.pl\/t\/index.php?rest_route=\/wp\/v2\/posts\/16343\/revisions\/16345"}],"wp:featuredmedia":[{"embeddable":true,"href":"https:\/\/wgphoto.pl\/t\/index.php?rest_route=\/wp\/v2\/media\/16344"}],"wp:attachment":[{"href":"https:\/\/wgphoto.pl\/t\/index.php?rest_route=%2Fwp%2Fv2%2Fmedia&parent=16343"}],"wp:term":[{"taxonomy":"category","embeddable":true,"href":"https:\/\/wgphoto.pl\/t\/index.php?rest_route=%2Fwp%2Fv2%2Fcategories&post=16343"},{"taxonomy":"post_tag","embeddable":true,"href":"https:\/\/wgphoto.pl\/t\/index.php?rest_route=%2Fwp%2Fv2%2Ftags&post=16343"}],"curies":[{"name":"wp","href":"https:\/\/api.w.org\/{rel}","templated":true}]}}