{"id":16356,"date":"2025-04-17T16:56:03","date_gmt":"2025-04-17T14:56:03","guid":{"rendered":"https:\/\/wgphoto.pl\/t\/?p=16356"},"modified":"2025-04-17T16:56:03","modified_gmt":"2025-04-17T14:56:03","slug":"zakaz","status":"publish","type":"post","link":"https:\/\/wgphoto.pl\/t\/?p=16356","title":{"rendered":"Zakaz"},"content":{"rendered":"\n<figure class=\"wp-block-image aligncenter size-full\"><img loading=\"lazy\" decoding=\"async\" width=\"1400\" height=\"927\" src=\"https:\/\/wgphoto.pl\/t\/wp-content\/uploads\/2025\/04\/0522-32_rsn.jpg\" alt=\"\" class=\"wp-image-16357\" srcset=\"https:\/\/wgphoto.pl\/t\/wp-content\/uploads\/2025\/04\/0522-32_rsn.jpg 1400w, https:\/\/wgphoto.pl\/t\/wp-content\/uploads\/2025\/04\/0522-32_rsn-300x199.jpg 300w, https:\/\/wgphoto.pl\/t\/wp-content\/uploads\/2025\/04\/0522-32_rsn-768x509.jpg 768w\" sizes=\"auto, (max-width: 1400px) 100vw, 1400px\" \/><\/figure>\n\n\n\n<div class=\"wp-block-group has-global-padding is-layout-constrained wp-block-group-is-layout-constrained\">\n<p>EP07-347 z poci\u0105giem osobowym 313 relacji Wroc\u0142aw G\u0142. &#8211; Mi\u0119dzylesie oraz widoczny fragmentarycznie z prawej poci\u0105g 67122 &#8222;Szklarka&#8221; z Kudowy-Zdroju do Poznania podczas postoju w Kamie\u0144cu Z\u0105bkowickim. Funkcjonariusze SOK dzielnie strzeg\u0105 przej\u015bcia w poziomie tor\u00f3w przed wtargni\u0119ciem na\u0144 os\u00f3b nieupowa\u017cnionych. Bardzo lubi\u0119 to foto, bo panowie, pomimo zepsucia pierwotnej koncepcji, zapozowali znakomicie i na dodatek byli chyba tak bardzo zaskoczeni sytuacj\u0105, \u017ce w \u017caden spos\u00f3b nie zareagowali. A ja, o ile pami\u0119tam, zawin\u0105\u0142em si\u0119 szybko do poci\u0105gu do Wroc\u0142awia, co i tak mia\u0142em w planie. 21.08.2005<\/p>\n<\/div>\n","protected":false},"excerpt":{"rendered":"<p>EP07-347 z poci\u0105giem osobowym 313 relacji Wroc\u0142aw G\u0142. &#8211; Mi\u0119dzylesie oraz widoczny fragmentarycznie z prawej poci\u0105g 67122 &#8222;Szklarka&#8221; z Kudowy-Zdroju do Poznania podczas postoju w Kamie\u0144cu Z\u0105bkowickim. Funkcjonariusze SOK dzielnie strzeg\u0105 przej\u015bcia w poziomie tor\u00f3w przed wtargni\u0119ciem na\u0144 os\u00f3b nieupowa\u017cnionych. Bardzo lubi\u0119 to foto, bo panowie, pomimo zepsucia pierwotnej koncepcji, zapozowali znakomicie i na dodatek [&hellip;]<\/p>\n","protected":false},"author":1,"featured_media":16357,"comment_status":"open","ping_status":"","sticky":false,"template":"","format":"standard","meta":{"footnotes":""},"categories":[62,2,311],"tags":[3700,288,124,2274,151,24,63,27,383],"class_list":["post-16356","post","type-post","status-publish","format-standard","has-post-thumbnail","hentry","category-analog","category-kolej","category-rok-2005","tag-2005-08-21","tag-bipa","tag-ep07","tag-kamieniec-zabkowicki","tag-ludzie","tag-perony","tag-pkp","tag-polska","tag-tab-pl230"],"_links":{"self":[{"href":"https:\/\/wgphoto.pl\/t\/index.php?rest_route=\/wp\/v2\/posts\/16356","targetHints":{"allow":["GET"]}}],"collection":[{"href":"https:\/\/wgphoto.pl\/t\/index.php?rest_route=\/wp\/v2\/posts"}],"about":[{"href":"https:\/\/wgphoto.pl\/t\/index.php?rest_route=\/wp\/v2\/types\/post"}],"author":[{"embeddable":true,"href":"https:\/\/wgphoto.pl\/t\/index.php?rest_route=\/wp\/v2\/users\/1"}],"replies":[{"embeddable":true,"href":"https:\/\/wgphoto.pl\/t\/index.php?rest_route=%2Fwp%2Fv2%2Fcomments&post=16356"}],"version-history":[{"count":1,"href":"https:\/\/wgphoto.pl\/t\/index.php?rest_route=\/wp\/v2\/posts\/16356\/revisions"}],"predecessor-version":[{"id":16358,"href":"https:\/\/wgphoto.pl\/t\/index.php?rest_route=\/wp\/v2\/posts\/16356\/revisions\/16358"}],"wp:featuredmedia":[{"embeddable":true,"href":"https:\/\/wgphoto.pl\/t\/index.php?rest_route=\/wp\/v2\/media\/16357"}],"wp:attachment":[{"href":"https:\/\/wgphoto.pl\/t\/index.php?rest_route=%2Fwp%2Fv2%2Fmedia&parent=16356"}],"wp:term":[{"taxonomy":"category","embeddable":true,"href":"https:\/\/wgphoto.pl\/t\/index.php?rest_route=%2Fwp%2Fv2%2Fcategories&post=16356"},{"taxonomy":"post_tag","embeddable":true,"href":"https:\/\/wgphoto.pl\/t\/index.php?rest_route=%2Fwp%2Fv2%2Ftags&post=16356"}],"curies":[{"name":"wp","href":"https:\/\/api.w.org\/{rel}","templated":true}]}}