{"id":16366,"date":"2025-04-18T17:02:28","date_gmt":"2025-04-18T15:02:28","guid":{"rendered":"https:\/\/wgphoto.pl\/t\/?p=16366"},"modified":"2025-04-18T17:02:28","modified_gmt":"2025-04-18T15:02:28","slug":"kraglosci-i-kanciastosci","status":"publish","type":"post","link":"https:\/\/wgphoto.pl\/t\/?p=16366","title":{"rendered":"Kr\u0105g\u0142o\u015bci i kanciasto\u015bci"},"content":{"rendered":"\n<figure class=\"wp-block-image aligncenter size-full\"><img loading=\"lazy\" decoding=\"async\" width=\"1200\" height=\"800\" src=\"https:\/\/wgphoto.pl\/t\/wp-content\/uploads\/2025\/04\/2001k-30.jpg\" alt=\"\" class=\"wp-image-16367\" srcset=\"https:\/\/wgphoto.pl\/t\/wp-content\/uploads\/2025\/04\/2001k-30.jpg 1200w, https:\/\/wgphoto.pl\/t\/wp-content\/uploads\/2025\/04\/2001k-30-300x200.jpg 300w, https:\/\/wgphoto.pl\/t\/wp-content\/uploads\/2025\/04\/2001k-30-768x512.jpg 768w\" sizes=\"auto, (max-width: 1200px) 100vw, 1200px\" \/><\/figure>\n\n\n\n<div class=\"wp-block-group has-global-padding is-layout-constrained wp-block-group-is-layout-constrained\">\n<p>Dzie\u0144 jak co dzie\u0144 na p\u0119tli Opor\u00f3w we Wroc\u0142awiu. Chocia\u017c nie do ko\u0144ca, bo jakkolwiek stodw\u00f3jki na 20 by\u0142y jeszcze przez d\u0142ugie lata codzienno\u015bci\u0105, to na 11 te\u017c je mo\u017cna by\u0142o spotka\u0107, ale ju\u017c nie tak \u0142atwo, bo podstaw\u0119 obs\u0142ugi tej linii zapewnia\u0142y stopi\u0105tki z zaj. O\u0142bin. Wagon 2001 wyr\u00f3\u017cnia si\u0119 \u015bcian\u0105 czo\u0142ow\u0105 (i tyln\u0105), gdy\u017c zosta\u0142 przebudowany z &#8222;kanciaka&#8221; typu 102N. 14.06.2001<\/p>\n<\/div>\n","protected":false},"excerpt":{"rendered":"<p>Dzie\u0144 jak co dzie\u0144 na p\u0119tli Opor\u00f3w we Wroc\u0142awiu. Chocia\u017c nie do ko\u0144ca, bo jakkolwiek stodw\u00f3jki na 20 by\u0142y jeszcze przez d\u0142ugie lata codzienno\u015bci\u0105, to na 11 te\u017c je mo\u017cna by\u0142o spotka\u0107, ale ju\u017c nie tak \u0142atwo, bo podstaw\u0119 obs\u0142ugi tej linii zapewnia\u0142y stopi\u0105tki z zaj. O\u0142bin. Wagon 2001 wyr\u00f3\u017cnia si\u0119 \u015bcian\u0105 czo\u0142ow\u0105 (i tyln\u0105), [&hellip;]<\/p>\n","protected":false},"author":1,"featured_media":16367,"comment_status":"open","ping_status":"","sticky":false,"template":"","format":"standard","meta":{"footnotes":""},"categories":[62,940,3],"tags":[2775,309,42,27,438,41],"class_list":["post-16366","post","type-post","status-publish","format-standard","has-post-thumbnail","hentry","category-analog","category-rok-2001","category-tramwaj","tag-2001-06-14","tag-konstal-102na","tag-mpk-wroclaw","tag-polska","tag-portret-z-petli","tag-wroclaw"],"_links":{"self":[{"href":"https:\/\/wgphoto.pl\/t\/index.php?rest_route=\/wp\/v2\/posts\/16366","targetHints":{"allow":["GET"]}}],"collection":[{"href":"https:\/\/wgphoto.pl\/t\/index.php?rest_route=\/wp\/v2\/posts"}],"about":[{"href":"https:\/\/wgphoto.pl\/t\/index.php?rest_route=\/wp\/v2\/types\/post"}],"author":[{"embeddable":true,"href":"https:\/\/wgphoto.pl\/t\/index.php?rest_route=\/wp\/v2\/users\/1"}],"replies":[{"embeddable":true,"href":"https:\/\/wgphoto.pl\/t\/index.php?rest_route=%2Fwp%2Fv2%2Fcomments&post=16366"}],"version-history":[{"count":1,"href":"https:\/\/wgphoto.pl\/t\/index.php?rest_route=\/wp\/v2\/posts\/16366\/revisions"}],"predecessor-version":[{"id":16368,"href":"https:\/\/wgphoto.pl\/t\/index.php?rest_route=\/wp\/v2\/posts\/16366\/revisions\/16368"}],"wp:featuredmedia":[{"embeddable":true,"href":"https:\/\/wgphoto.pl\/t\/index.php?rest_route=\/wp\/v2\/media\/16367"}],"wp:attachment":[{"href":"https:\/\/wgphoto.pl\/t\/index.php?rest_route=%2Fwp%2Fv2%2Fmedia&parent=16366"}],"wp:term":[{"taxonomy":"category","embeddable":true,"href":"https:\/\/wgphoto.pl\/t\/index.php?rest_route=%2Fwp%2Fv2%2Fcategories&post=16366"},{"taxonomy":"post_tag","embeddable":true,"href":"https:\/\/wgphoto.pl\/t\/index.php?rest_route=%2Fwp%2Fv2%2Ftags&post=16366"}],"curies":[{"name":"wp","href":"https:\/\/api.w.org\/{rel}","templated":true}]}}