{"id":16372,"date":"2025-04-18T17:04:03","date_gmt":"2025-04-18T15:04:03","guid":{"rendered":"https:\/\/wgphoto.pl\/t\/?p=16372"},"modified":"2025-04-18T17:04:03","modified_gmt":"2025-04-18T15:04:03","slug":"eu07-306-w-dzungli","status":"publish","type":"post","link":"https:\/\/wgphoto.pl\/t\/?p=16372","title":{"rendered":"EU07-306 w d\u017cungli"},"content":{"rendered":"\n<figure class=\"wp-block-image aligncenter size-full\"><img loading=\"lazy\" decoding=\"async\" width=\"600\" height=\"900\" src=\"https:\/\/wgphoto.pl\/t\/wp-content\/uploads\/2025\/04\/2001k-e.jpg\" alt=\"\" class=\"wp-image-16373\" srcset=\"https:\/\/wgphoto.pl\/t\/wp-content\/uploads\/2025\/04\/2001k-e.jpg 600w, https:\/\/wgphoto.pl\/t\/wp-content\/uploads\/2025\/04\/2001k-e-200x300.jpg 200w\" sizes=\"auto, (max-width: 600px) 100vw, 600px\" \/><\/figure>\n\n\n\n<div class=\"wp-block-group has-global-padding is-layout-constrained wp-block-group-is-layout-constrained\">\n<p>Poci\u0105g osobowy 65222 ze Szklarskiej Por\u0119by G\u00f3rnej do Gdyni (od Jeleniej G\u00f3ry &#8211; pospieszny 65502) zbli\u017ca si\u0119 do Szklarskiej Por\u0119by Dolnej. 15.06.2001<\/p>\n<\/div>\n","protected":false},"excerpt":{"rendered":"<p>Poci\u0105g osobowy 65222 ze Szklarskiej Por\u0119by G\u00f3rnej do Gdyni (od Jeleniej G\u00f3ry &#8211; pospieszny 65502) zbli\u017ca si\u0119 do Szklarskiej Por\u0119by Dolnej. 15.06.2001<\/p>\n","protected":false},"author":1,"featured_media":16373,"comment_status":"open","ping_status":"","sticky":false,"template":"","format":"standard","meta":{"footnotes":""},"categories":[62,2,128,940],"tags":[2361,122,63,27,2242,200],"class_list":["post-16372","post","type-post","status-publish","format-standard","has-post-thumbnail","hentry","category-analog","category-kolej","category-pionowe","category-rok-2001","tag-2001-06-15","tag-eu07","tag-pkp","tag-polska","tag-szklarska-poreba-dolna","tag-tab-pl240"],"_links":{"self":[{"href":"https:\/\/wgphoto.pl\/t\/index.php?rest_route=\/wp\/v2\/posts\/16372","targetHints":{"allow":["GET"]}}],"collection":[{"href":"https:\/\/wgphoto.pl\/t\/index.php?rest_route=\/wp\/v2\/posts"}],"about":[{"href":"https:\/\/wgphoto.pl\/t\/index.php?rest_route=\/wp\/v2\/types\/post"}],"author":[{"embeddable":true,"href":"https:\/\/wgphoto.pl\/t\/index.php?rest_route=\/wp\/v2\/users\/1"}],"replies":[{"embeddable":true,"href":"https:\/\/wgphoto.pl\/t\/index.php?rest_route=%2Fwp%2Fv2%2Fcomments&post=16372"}],"version-history":[{"count":1,"href":"https:\/\/wgphoto.pl\/t\/index.php?rest_route=\/wp\/v2\/posts\/16372\/revisions"}],"predecessor-version":[{"id":16374,"href":"https:\/\/wgphoto.pl\/t\/index.php?rest_route=\/wp\/v2\/posts\/16372\/revisions\/16374"}],"wp:featuredmedia":[{"embeddable":true,"href":"https:\/\/wgphoto.pl\/t\/index.php?rest_route=\/wp\/v2\/media\/16373"}],"wp:attachment":[{"href":"https:\/\/wgphoto.pl\/t\/index.php?rest_route=%2Fwp%2Fv2%2Fmedia&parent=16372"}],"wp:term":[{"taxonomy":"category","embeddable":true,"href":"https:\/\/wgphoto.pl\/t\/index.php?rest_route=%2Fwp%2Fv2%2Fcategories&post=16372"},{"taxonomy":"post_tag","embeddable":true,"href":"https:\/\/wgphoto.pl\/t\/index.php?rest_route=%2Fwp%2Fv2%2Ftags&post=16372"}],"curies":[{"name":"wp","href":"https:\/\/api.w.org\/{rel}","templated":true}]}}