{"id":16378,"date":"2025-04-18T17:05:48","date_gmt":"2025-04-18T15:05:48","guid":{"rendered":"https:\/\/wgphoto.pl\/t\/?p=16378"},"modified":"2025-04-18T17:05:48","modified_gmt":"2025-04-18T15:05:48","slug":"ciemne-chmury-nad-trakcja-spalinowa","status":"publish","type":"post","link":"https:\/\/wgphoto.pl\/t\/?p=16378","title":{"rendered":"Ciemne chmury nad trakcj\u0105 spalinow\u0105"},"content":{"rendered":"\n<figure class=\"wp-block-image aligncenter size-full\"><img loading=\"lazy\" decoding=\"async\" width=\"1200\" height=\"803\" src=\"https:\/\/wgphoto.pl\/t\/wp-content\/uploads\/2025\/04\/IMGP6300.jpg\" alt=\"\" class=\"wp-image-16379\" srcset=\"https:\/\/wgphoto.pl\/t\/wp-content\/uploads\/2025\/04\/IMGP6300.jpg 1200w, https:\/\/wgphoto.pl\/t\/wp-content\/uploads\/2025\/04\/IMGP6300-300x201.jpg 300w, https:\/\/wgphoto.pl\/t\/wp-content\/uploads\/2025\/04\/IMGP6300-768x514.jpg 768w\" sizes=\"auto, (max-width: 1200px) 100vw, 1200px\" \/><\/figure>\n\n\n\n<div class=\"wp-block-group has-global-padding is-layout-constrained wp-block-group-is-layout-constrained\">\n<p>Stacja K\u0142odzko G\u0142\u00f3wne. SP32-096 pojedzie z osobowym do Kudowy-Zdroju, SU42-536 \u017cwawo startuje z op\u00f3\u017anionym &#8222;Kamie\u0144czykiem&#8221; z Wroc\u0142awia (wagony bezpo\u015brednie z Poznania) do Kudowy, a po prawej woln\u0105 drog\u0119 ma ju\u017c podan\u0105 pospieszna &#8222;Ole\u0144ka&#8221; do Warszawy przez Nys\u0119 i Opole. 04.07.2009<\/p>\n<\/div>\n","protected":false},"excerpt":{"rendered":"<p>Stacja K\u0142odzko G\u0142\u00f3wne. SP32-096 pojedzie z osobowym do Kudowy-Zdroju, SU42-536 \u017cwawo startuje z op\u00f3\u017anionym &#8222;Kamie\u0144czykiem&#8221; z Wroc\u0142awia (wagony bezpo\u015brednie z Poznania) do Kudowy, a po prawej woln\u0105 drog\u0119 ma ju\u017c podan\u0105 pospieszna &#8222;Ole\u0144ka&#8221; do Warszawy przez Nys\u0119 i Opole. 04.07.2009<\/p>\n","protected":false},"author":1,"featured_media":16379,"comment_status":"open","ping_status":"","sticky":false,"template":"","format":"standard","meta":{"footnotes":""},"categories":[2,169],"tags":[1762,2392,63,27,385,250,383],"class_list":["post-16378","post","type-post","status-publish","format-standard","has-post-thumbnail","hentry","category-kolej","category-rok-2009","tag-2009-07-04","tag-klodzko-glowne","tag-pkp","tag-polska","tag-sp32","tag-su42","tag-tab-pl230"],"_links":{"self":[{"href":"https:\/\/wgphoto.pl\/t\/index.php?rest_route=\/wp\/v2\/posts\/16378","targetHints":{"allow":["GET"]}}],"collection":[{"href":"https:\/\/wgphoto.pl\/t\/index.php?rest_route=\/wp\/v2\/posts"}],"about":[{"href":"https:\/\/wgphoto.pl\/t\/index.php?rest_route=\/wp\/v2\/types\/post"}],"author":[{"embeddable":true,"href":"https:\/\/wgphoto.pl\/t\/index.php?rest_route=\/wp\/v2\/users\/1"}],"replies":[{"embeddable":true,"href":"https:\/\/wgphoto.pl\/t\/index.php?rest_route=%2Fwp%2Fv2%2Fcomments&post=16378"}],"version-history":[{"count":1,"href":"https:\/\/wgphoto.pl\/t\/index.php?rest_route=\/wp\/v2\/posts\/16378\/revisions"}],"predecessor-version":[{"id":16380,"href":"https:\/\/wgphoto.pl\/t\/index.php?rest_route=\/wp\/v2\/posts\/16378\/revisions\/16380"}],"wp:featuredmedia":[{"embeddable":true,"href":"https:\/\/wgphoto.pl\/t\/index.php?rest_route=\/wp\/v2\/media\/16379"}],"wp:attachment":[{"href":"https:\/\/wgphoto.pl\/t\/index.php?rest_route=%2Fwp%2Fv2%2Fmedia&parent=16378"}],"wp:term":[{"taxonomy":"category","embeddable":true,"href":"https:\/\/wgphoto.pl\/t\/index.php?rest_route=%2Fwp%2Fv2%2Fcategories&post=16378"},{"taxonomy":"post_tag","embeddable":true,"href":"https:\/\/wgphoto.pl\/t\/index.php?rest_route=%2Fwp%2Fv2%2Ftags&post=16378"}],"curies":[{"name":"wp","href":"https:\/\/api.w.org\/{rel}","templated":true}]}}