{"id":16381,"date":"2025-04-18T17:06:53","date_gmt":"2025-04-18T15:06:53","guid":{"rendered":"https:\/\/wgphoto.pl\/t\/?p=16381"},"modified":"2025-04-18T17:06:53","modified_gmt":"2025-04-18T15:06:53","slug":"st43-272","status":"publish","type":"post","link":"https:\/\/wgphoto.pl\/t\/?p=16381","title":{"rendered":"ST43-272"},"content":{"rendered":"\n<figure class=\"wp-block-image aligncenter size-full\"><img loading=\"lazy\" decoding=\"async\" width=\"1200\" height=\"803\" src=\"https:\/\/wgphoto.pl\/t\/wp-content\/uploads\/2025\/04\/IMGP6729.jpg\" alt=\"\" class=\"wp-image-16382\" srcset=\"https:\/\/wgphoto.pl\/t\/wp-content\/uploads\/2025\/04\/IMGP6729.jpg 1200w, https:\/\/wgphoto.pl\/t\/wp-content\/uploads\/2025\/04\/IMGP6729-300x201.jpg 300w, https:\/\/wgphoto.pl\/t\/wp-content\/uploads\/2025\/04\/IMGP6729-768x514.jpg 768w\" sizes=\"auto, (max-width: 1200px) 100vw, 1200px\" \/><\/figure>\n\n\n\n<div class=\"wp-block-group has-global-padding is-layout-constrained wp-block-group-is-layout-constrained\">\n<p>Na dysku niedaleko wczorajszego zdj\u0119cia znalaz\u0142em powy\u017csze. Kadr mo\u017ce nie powala, ale spodoba\u0142o mi si\u0119 to, ile dzisiaj (opis z 2018) potrafi\u0119 uzyska\u0107 z RAW-a, kt\u00f3ry bez obr\u00f3bki wygl\u0105da\u0142 zupe\u0142nie nijako (np. z przejaranymi chmurami). \u015acinawka \u015arednia, 10.07.2009<\/p>\n<\/div>\n","protected":false},"excerpt":{"rendered":"<p>Na dysku niedaleko wczorajszego zdj\u0119cia znalaz\u0142em powy\u017csze. Kadr mo\u017ce nie powala, ale spodoba\u0142o mi si\u0119 to, ile dzisiaj (opis z 2018) potrafi\u0119 uzyska\u0107 z RAW-a, kt\u00f3ry bez obr\u00f3bki wygl\u0105da\u0142 zupe\u0142nie nijako (np. z przejaranymi chmurami). \u015acinawka \u015arednia, 10.07.2009<\/p>\n","protected":false},"author":1,"featured_media":16382,"comment_status":"open","ping_status":"","sticky":false,"template":"","format":"standard","meta":{"footnotes":""},"categories":[2,169],"tags":[1068,63,27,1066,64],"class_list":["post-16381","post","type-post","status-publish","format-standard","has-post-thumbnail","hentry","category-kolej","category-rok-2009","tag-2009-07-10","tag-pkp","tag-polska","tag-scinawka-srednia","tag-st43"],"_links":{"self":[{"href":"https:\/\/wgphoto.pl\/t\/index.php?rest_route=\/wp\/v2\/posts\/16381","targetHints":{"allow":["GET"]}}],"collection":[{"href":"https:\/\/wgphoto.pl\/t\/index.php?rest_route=\/wp\/v2\/posts"}],"about":[{"href":"https:\/\/wgphoto.pl\/t\/index.php?rest_route=\/wp\/v2\/types\/post"}],"author":[{"embeddable":true,"href":"https:\/\/wgphoto.pl\/t\/index.php?rest_route=\/wp\/v2\/users\/1"}],"replies":[{"embeddable":true,"href":"https:\/\/wgphoto.pl\/t\/index.php?rest_route=%2Fwp%2Fv2%2Fcomments&post=16381"}],"version-history":[{"count":1,"href":"https:\/\/wgphoto.pl\/t\/index.php?rest_route=\/wp\/v2\/posts\/16381\/revisions"}],"predecessor-version":[{"id":16383,"href":"https:\/\/wgphoto.pl\/t\/index.php?rest_route=\/wp\/v2\/posts\/16381\/revisions\/16383"}],"wp:featuredmedia":[{"embeddable":true,"href":"https:\/\/wgphoto.pl\/t\/index.php?rest_route=\/wp\/v2\/media\/16382"}],"wp:attachment":[{"href":"https:\/\/wgphoto.pl\/t\/index.php?rest_route=%2Fwp%2Fv2%2Fmedia&parent=16381"}],"wp:term":[{"taxonomy":"category","embeddable":true,"href":"https:\/\/wgphoto.pl\/t\/index.php?rest_route=%2Fwp%2Fv2%2Fcategories&post=16381"},{"taxonomy":"post_tag","embeddable":true,"href":"https:\/\/wgphoto.pl\/t\/index.php?rest_route=%2Fwp%2Fv2%2Ftags&post=16381"}],"curies":[{"name":"wp","href":"https:\/\/api.w.org\/{rel}","templated":true}]}}