{"id":16403,"date":"2025-04-18T17:14:02","date_gmt":"2025-04-18T15:14:02","guid":{"rendered":"https:\/\/wgphoto.pl\/t\/?p=16403"},"modified":"2025-04-18T17:14:02","modified_gmt":"2025-04-18T15:14:02","slug":"adrspach","status":"publish","type":"post","link":"https:\/\/wgphoto.pl\/t\/?p=16403","title":{"rendered":"Adr\u0161pach"},"content":{"rendered":"\n<figure class=\"wp-block-image aligncenter size-full\"><img loading=\"lazy\" decoding=\"async\" width=\"1200\" height=\"803\" src=\"https:\/\/wgphoto.pl\/t\/wp-content\/uploads\/2025\/04\/IMGP8623.jpg\" alt=\"\" class=\"wp-image-16405\" srcset=\"https:\/\/wgphoto.pl\/t\/wp-content\/uploads\/2025\/04\/IMGP8623.jpg 1200w, https:\/\/wgphoto.pl\/t\/wp-content\/uploads\/2025\/04\/IMGP8623-300x201.jpg 300w, https:\/\/wgphoto.pl\/t\/wp-content\/uploads\/2025\/04\/IMGP8623-768x514.jpg 768w\" sizes=\"auto, (max-width: 1200px) 100vw, 1200px\" \/><\/figure>\n\n\n\n<div class=\"wp-block-group has-global-padding is-layout-constrained wp-block-group-is-layout-constrained\">\n<p>Poci\u0105g osobowy 15779 do Teplic nad Metuj\u00ed oczekuje pory odjazdu z sympatycznej stacyjki po\u0142o\u017conej tu\u017c obok jednego z wej\u015b\u0107 do Skalnego Miasta. 6 lat przele\u017ca\u0142y RAW-y na dysku, wi\u0119c pora na hurtow\u0105 prezentacj\u0119 wszystkich kadr\u00f3w, jakie tam wymy\u015bli\u0142em (opis z 2018, rzecz jasna). 2012-06-10<\/p>\n<\/div>\n","protected":false},"excerpt":{"rendered":"<p>Poci\u0105g osobowy 15779 do Teplic nad Metuj\u00ed oczekuje pory odjazdu z sympatycznej stacyjki po\u0142o\u017conej tu\u017c obok jednego z wej\u015b\u0107 do Skalnego Miasta. 6 lat przele\u017ca\u0142y RAW-y na dysku, wi\u0119c pora na hurtow\u0105 prezentacj\u0119 wszystkich kadr\u00f3w, jakie tam wymy\u015bli\u0142em (opis z 2018, rzecz jasna). 2012-06-10<\/p>\n","protected":false},"author":1,"featured_media":16405,"comment_status":"open","ping_status":"","sticky":false,"template":"","format":"standard","meta":{"footnotes":""},"categories":[2,46],"tags":[1821,92,1820,50,49,196,1822],"class_list":["post-16403","post","type-post","status-publish","format-standard","has-post-thumbnail","hentry","category-kolej","category-rok-2012","tag-2012-06-10","tag-92","tag-adrspach","tag-cd","tag-czechy","tag-linie-raczej-lokalne","tag-tab-cz047"],"_links":{"self":[{"href":"https:\/\/wgphoto.pl\/t\/index.php?rest_route=\/wp\/v2\/posts\/16403","targetHints":{"allow":["GET"]}}],"collection":[{"href":"https:\/\/wgphoto.pl\/t\/index.php?rest_route=\/wp\/v2\/posts"}],"about":[{"href":"https:\/\/wgphoto.pl\/t\/index.php?rest_route=\/wp\/v2\/types\/post"}],"author":[{"embeddable":true,"href":"https:\/\/wgphoto.pl\/t\/index.php?rest_route=\/wp\/v2\/users\/1"}],"replies":[{"embeddable":true,"href":"https:\/\/wgphoto.pl\/t\/index.php?rest_route=%2Fwp%2Fv2%2Fcomments&post=16403"}],"version-history":[{"count":1,"href":"https:\/\/wgphoto.pl\/t\/index.php?rest_route=\/wp\/v2\/posts\/16403\/revisions"}],"predecessor-version":[{"id":16406,"href":"https:\/\/wgphoto.pl\/t\/index.php?rest_route=\/wp\/v2\/posts\/16403\/revisions\/16406"}],"wp:featuredmedia":[{"embeddable":true,"href":"https:\/\/wgphoto.pl\/t\/index.php?rest_route=\/wp\/v2\/media\/16405"}],"wp:attachment":[{"href":"https:\/\/wgphoto.pl\/t\/index.php?rest_route=%2Fwp%2Fv2%2Fmedia&parent=16403"}],"wp:term":[{"taxonomy":"category","embeddable":true,"href":"https:\/\/wgphoto.pl\/t\/index.php?rest_route=%2Fwp%2Fv2%2Fcategories&post=16403"},{"taxonomy":"post_tag","embeddable":true,"href":"https:\/\/wgphoto.pl\/t\/index.php?rest_route=%2Fwp%2Fv2%2Ftags&post=16403"}],"curies":[{"name":"wp","href":"https:\/\/api.w.org\/{rel}","templated":true}]}}