{"id":16410,"date":"2025-04-18T17:15:35","date_gmt":"2025-04-18T15:15:35","guid":{"rendered":"https:\/\/wgphoto.pl\/t\/?p=16410"},"modified":"2025-04-18T17:15:35","modified_gmt":"2025-04-18T15:15:35","slug":"adrspach-tez-od-podjazdu","status":"publish","type":"post","link":"https:\/\/wgphoto.pl\/t\/?p=16410","title":{"rendered":"Adr\u0161pach\u2026 te\u017c od podjazdu"},"content":{"rendered":"\n<figure class=\"wp-block-image aligncenter size-full\"><img loading=\"lazy\" decoding=\"async\" width=\"1200\" height=\"803\" src=\"https:\/\/wgphoto.pl\/t\/wp-content\/uploads\/2025\/04\/IMGP8627.jpg\" alt=\"\" class=\"wp-image-16411\" srcset=\"https:\/\/wgphoto.pl\/t\/wp-content\/uploads\/2025\/04\/IMGP8627.jpg 1200w, https:\/\/wgphoto.pl\/t\/wp-content\/uploads\/2025\/04\/IMGP8627-300x201.jpg 300w, https:\/\/wgphoto.pl\/t\/wp-content\/uploads\/2025\/04\/IMGP8627-768x514.jpg 768w\" sizes=\"auto, (max-width: 1200px) 100vw, 1200px\" \/><\/figure>\n\n\n\n<div class=\"wp-block-group has-global-padding is-layout-constrained wp-block-group-is-layout-constrained\">\n<p>Z tej perspektywy wida\u0107, \u017ce poci\u0105gi odje\u017cd\u017caj\u0105ce w kierunku Trutnova czeka wspinaczka. 2012-06-10<\/p>\n<\/div>\n","protected":false},"excerpt":{"rendered":"<p>Z tej perspektywy wida\u0107, \u017ce poci\u0105gi odje\u017cd\u017caj\u0105ce w kierunku Trutnova czeka wspinaczka. 2012-06-10<\/p>\n","protected":false},"author":1,"featured_media":16411,"comment_status":"open","ping_status":"","sticky":false,"template":"","format":"standard","meta":{"footnotes":""},"categories":[2,46],"tags":[1821,92,1820,50,49,196,118,1822],"class_list":["post-16410","post","type-post","status-publish","format-standard","has-post-thumbnail","hentry","category-kolej","category-rok-2012","tag-2012-06-10","tag-92","tag-adrspach","tag-cd","tag-czechy","tag-linie-raczej-lokalne","tag-plany-i-profile","tag-tab-cz047"],"_links":{"self":[{"href":"https:\/\/wgphoto.pl\/t\/index.php?rest_route=\/wp\/v2\/posts\/16410","targetHints":{"allow":["GET"]}}],"collection":[{"href":"https:\/\/wgphoto.pl\/t\/index.php?rest_route=\/wp\/v2\/posts"}],"about":[{"href":"https:\/\/wgphoto.pl\/t\/index.php?rest_route=\/wp\/v2\/types\/post"}],"author":[{"embeddable":true,"href":"https:\/\/wgphoto.pl\/t\/index.php?rest_route=\/wp\/v2\/users\/1"}],"replies":[{"embeddable":true,"href":"https:\/\/wgphoto.pl\/t\/index.php?rest_route=%2Fwp%2Fv2%2Fcomments&post=16410"}],"version-history":[{"count":1,"href":"https:\/\/wgphoto.pl\/t\/index.php?rest_route=\/wp\/v2\/posts\/16410\/revisions"}],"predecessor-version":[{"id":16412,"href":"https:\/\/wgphoto.pl\/t\/index.php?rest_route=\/wp\/v2\/posts\/16410\/revisions\/16412"}],"wp:featuredmedia":[{"embeddable":true,"href":"https:\/\/wgphoto.pl\/t\/index.php?rest_route=\/wp\/v2\/media\/16411"}],"wp:attachment":[{"href":"https:\/\/wgphoto.pl\/t\/index.php?rest_route=%2Fwp%2Fv2%2Fmedia&parent=16410"}],"wp:term":[{"taxonomy":"category","embeddable":true,"href":"https:\/\/wgphoto.pl\/t\/index.php?rest_route=%2Fwp%2Fv2%2Fcategories&post=16410"},{"taxonomy":"post_tag","embeddable":true,"href":"https:\/\/wgphoto.pl\/t\/index.php?rest_route=%2Fwp%2Fv2%2Ftags&post=16410"}],"curies":[{"name":"wp","href":"https:\/\/api.w.org\/{rel}","templated":true}]}}