{"id":16425,"date":"2025-04-18T17:20:42","date_gmt":"2025-04-18T15:20:42","guid":{"rendered":"https:\/\/wgphoto.pl\/t\/?p=16425"},"modified":"2025-04-18T17:20:42","modified_gmt":"2025-04-18T15:20:42","slug":"desperackie-ujecie-pod-slonce","status":"publish","type":"post","link":"https:\/\/wgphoto.pl\/t\/?p=16425","title":{"rendered":"Desperackie uj\u0119cie pod s\u0142o\u0144ce"},"content":{"rendered":"\n<figure class=\"wp-block-image aligncenter size-full\"><img loading=\"lazy\" decoding=\"async\" width=\"600\" height=\"905\" src=\"https:\/\/wgphoto.pl\/t\/wp-content\/uploads\/2025\/04\/0616-09.jpg\" alt=\"\" class=\"wp-image-16426\" srcset=\"https:\/\/wgphoto.pl\/t\/wp-content\/uploads\/2025\/04\/0616-09.jpg 600w, https:\/\/wgphoto.pl\/t\/wp-content\/uploads\/2025\/04\/0616-09-199x300.jpg 199w\" sizes=\"auto, (max-width: 600px) 100vw, 600px\" \/><\/figure>\n\n\n\n<div class=\"wp-block-group has-global-padding is-layout-constrained wp-block-group-is-layout-constrained\">\n<p>ST43-258+365 wje\u017cd\u017caj\u0105 na stacj\u0119 Wa\u0142owice, mijaj\u0105c semafor wyjazdowy i wjazdowy w\/z kierunku Gubina. 24.07.2006<\/p>\n<\/div>\n","protected":false},"excerpt":{"rendered":"<p>ST43-258+365 wje\u017cd\u017caj\u0105 na stacj\u0119 Wa\u0142owice, mijaj\u0105c semafor wyjazdowy i wjazdowy w\/z kierunku Gubina. 24.07.2006<\/p>\n","protected":false},"author":1,"featured_media":16426,"comment_status":"open","ping_status":"","sticky":false,"template":"","format":"standard","meta":{"footnotes":""},"categories":[62,2,128,130],"tags":[3305,63,27,64,53,1189,3307],"class_list":["post-16425","post","type-post","status-publish","format-standard","has-post-thumbnail","hentry","category-analog","category-kolej","category-pionowe","category-rok-2006","tag-2006-07-24","tag-pkp","tag-polska","tag-st43","tag-sygnalizacja-ksztaltowa","tag-tab-pl333","tag-walowice"],"_links":{"self":[{"href":"https:\/\/wgphoto.pl\/t\/index.php?rest_route=\/wp\/v2\/posts\/16425","targetHints":{"allow":["GET"]}}],"collection":[{"href":"https:\/\/wgphoto.pl\/t\/index.php?rest_route=\/wp\/v2\/posts"}],"about":[{"href":"https:\/\/wgphoto.pl\/t\/index.php?rest_route=\/wp\/v2\/types\/post"}],"author":[{"embeddable":true,"href":"https:\/\/wgphoto.pl\/t\/index.php?rest_route=\/wp\/v2\/users\/1"}],"replies":[{"embeddable":true,"href":"https:\/\/wgphoto.pl\/t\/index.php?rest_route=%2Fwp%2Fv2%2Fcomments&post=16425"}],"version-history":[{"count":1,"href":"https:\/\/wgphoto.pl\/t\/index.php?rest_route=\/wp\/v2\/posts\/16425\/revisions"}],"predecessor-version":[{"id":16427,"href":"https:\/\/wgphoto.pl\/t\/index.php?rest_route=\/wp\/v2\/posts\/16425\/revisions\/16427"}],"wp:featuredmedia":[{"embeddable":true,"href":"https:\/\/wgphoto.pl\/t\/index.php?rest_route=\/wp\/v2\/media\/16426"}],"wp:attachment":[{"href":"https:\/\/wgphoto.pl\/t\/index.php?rest_route=%2Fwp%2Fv2%2Fmedia&parent=16425"}],"wp:term":[{"taxonomy":"category","embeddable":true,"href":"https:\/\/wgphoto.pl\/t\/index.php?rest_route=%2Fwp%2Fv2%2Fcategories&post=16425"},{"taxonomy":"post_tag","embeddable":true,"href":"https:\/\/wgphoto.pl\/t\/index.php?rest_route=%2Fwp%2Fv2%2Ftags&post=16425"}],"curies":[{"name":"wp","href":"https:\/\/api.w.org\/{rel}","templated":true}]}}