{"id":16434,"date":"2025-04-18T17:23:41","date_gmt":"2025-04-18T15:23:41","guid":{"rendered":"https:\/\/wgphoto.pl\/t\/?p=16434"},"modified":"2025-04-18T17:23:41","modified_gmt":"2025-04-18T15:23:41","slug":"ziebice","status":"publish","type":"post","link":"https:\/\/wgphoto.pl\/t\/?p=16434","title":{"rendered":"Zi\u0119bice"},"content":{"rendered":"\n<figure class=\"wp-block-image aligncenter size-full\"><img loading=\"lazy\" decoding=\"async\" width=\"1200\" height=\"800\" src=\"https:\/\/wgphoto.pl\/t\/wp-content\/uploads\/2025\/04\/IMGP9158.jpg\" alt=\"\" class=\"wp-image-16435\" srcset=\"https:\/\/wgphoto.pl\/t\/wp-content\/uploads\/2025\/04\/IMGP9158.jpg 1200w, https:\/\/wgphoto.pl\/t\/wp-content\/uploads\/2025\/04\/IMGP9158-300x200.jpg 300w, https:\/\/wgphoto.pl\/t\/wp-content\/uploads\/2025\/04\/IMGP9158-768x512.jpg 768w\" sizes=\"auto, (max-width: 1200px) 100vw, 1200px\" \/><\/figure>\n\n\n\n<div class=\"wp-block-group has-global-padding is-layout-constrained wp-block-group-is-layout-constrained\">\n<p>Poci\u0105g osobowy 69633 z Rawicza do K\u0142odzka G\u0142\u00f3wnego odjecha\u0142 ze stacji Zi\u0119bice i mija teraz miasto, nad kt\u00f3rym g\u00f3ruj\u0105 wie\u017ce: ratuszowa (bia\u0142a), Bazyliki Mniejszej pw. \u015aw. Jerzego oraz niewielki sto\u017cek Bramy Paczkowskiej. 04.05.2018<\/p>\n<\/div>\n","protected":false},"excerpt":{"rendered":"<p>Poci\u0105g osobowy 69633 z Rawicza do K\u0142odzka G\u0142\u00f3wnego odjecha\u0142 ze stacji Zi\u0119bice i mija teraz miasto, nad kt\u00f3rym g\u00f3ruj\u0105 wie\u017ce: ratuszowa (bia\u0142a), Bazyliki Mniejszej pw. \u015aw. Jerzego oraz niewielki sto\u017cek Bramy Paczkowskiej. 04.05.2018<\/p>\n","protected":false},"author":1,"featured_media":16435,"comment_status":"open","ping_status":"","sticky":false,"template":"","format":"standard","meta":{"footnotes":""},"categories":[2,156],"tags":[3707,499,402,113,404,27,383,654],"class_list":["post-16434","post","type-post","status-publish","format-standard","has-post-thumbnail","hentry","category-kolej","category-rok-2018","tag-2018-05-04","tag-45we","tag-kd","tag-landszaft","tag-newag-impuls","tag-polska","tag-tab-pl230","tag-ziebice"],"_links":{"self":[{"href":"https:\/\/wgphoto.pl\/t\/index.php?rest_route=\/wp\/v2\/posts\/16434","targetHints":{"allow":["GET"]}}],"collection":[{"href":"https:\/\/wgphoto.pl\/t\/index.php?rest_route=\/wp\/v2\/posts"}],"about":[{"href":"https:\/\/wgphoto.pl\/t\/index.php?rest_route=\/wp\/v2\/types\/post"}],"author":[{"embeddable":true,"href":"https:\/\/wgphoto.pl\/t\/index.php?rest_route=\/wp\/v2\/users\/1"}],"replies":[{"embeddable":true,"href":"https:\/\/wgphoto.pl\/t\/index.php?rest_route=%2Fwp%2Fv2%2Fcomments&post=16434"}],"version-history":[{"count":1,"href":"https:\/\/wgphoto.pl\/t\/index.php?rest_route=\/wp\/v2\/posts\/16434\/revisions"}],"predecessor-version":[{"id":16436,"href":"https:\/\/wgphoto.pl\/t\/index.php?rest_route=\/wp\/v2\/posts\/16434\/revisions\/16436"}],"wp:featuredmedia":[{"embeddable":true,"href":"https:\/\/wgphoto.pl\/t\/index.php?rest_route=\/wp\/v2\/media\/16435"}],"wp:attachment":[{"href":"https:\/\/wgphoto.pl\/t\/index.php?rest_route=%2Fwp%2Fv2%2Fmedia&parent=16434"}],"wp:term":[{"taxonomy":"category","embeddable":true,"href":"https:\/\/wgphoto.pl\/t\/index.php?rest_route=%2Fwp%2Fv2%2Fcategories&post=16434"},{"taxonomy":"post_tag","embeddable":true,"href":"https:\/\/wgphoto.pl\/t\/index.php?rest_route=%2Fwp%2Fv2%2Ftags&post=16434"}],"curies":[{"name":"wp","href":"https:\/\/api.w.org\/{rel}","templated":true}]}}