{"id":16455,"date":"2025-04-19T15:47:40","date_gmt":"2025-04-19T13:47:40","guid":{"rendered":"https:\/\/wgphoto.pl\/t\/?p=16455"},"modified":"2025-04-19T15:47:40","modified_gmt":"2025-04-19T13:47:40","slug":"2017-na-11","status":"publish","type":"post","link":"https:\/\/wgphoto.pl\/t\/?p=16455","title":{"rendered":"2017 na 11"},"content":{"rendered":"\n<figure class=\"wp-block-image aligncenter size-full\"><img loading=\"lazy\" decoding=\"async\" width=\"1200\" height=\"800\" src=\"https:\/\/wgphoto.pl\/t\/wp-content\/uploads\/2025\/04\/0820-30a.jpg\" alt=\"\" class=\"wp-image-16456\" srcset=\"https:\/\/wgphoto.pl\/t\/wp-content\/uploads\/2025\/04\/0820-30a.jpg 1200w, https:\/\/wgphoto.pl\/t\/wp-content\/uploads\/2025\/04\/0820-30a-300x200.jpg 300w, https:\/\/wgphoto.pl\/t\/wp-content\/uploads\/2025\/04\/0820-30a-768x512.jpg 768w\" sizes=\"auto, (max-width: 1200px) 100vw, 1200px\" \/><\/figure>\n\n\n\n<div class=\"wp-block-group has-global-padding is-layout-constrained wp-block-group-is-layout-constrained\">\n<p>102Na 2017 podczas kr\u00f3tkiego postoju na przystanku &#8222;Dworzec g\u0142\u00f3wny PKP&#8221; na ulicy Hugona Ko\u0142\u0142\u0105taja. Bez nieporz\u0105danych efekt\u00f3w \u015bwietlnych niestety si\u0119 w tych warunkach nie obesz\u0142o. 31.10.2008<\/p>\n<\/div>\n","protected":false},"excerpt":{"rendered":"<p>102Na 2017 podczas kr\u00f3tkiego postoju na przystanku &#8222;Dworzec g\u0142\u00f3wny PKP&#8221; na ulicy Hugona Ko\u0142\u0142\u0105taja. Bez nieporz\u0105danych efekt\u00f3w \u015bwietlnych niestety si\u0119 w tych warunkach nie obesz\u0142o. 31.10.2008<\/p>\n","protected":false},"author":1,"featured_media":16456,"comment_status":"open","ping_status":"","sticky":false,"template":"","format":"standard","meta":{"footnotes":""},"categories":[62,120,3],"tags":[3710,309,42,154,27,41],"class_list":["post-16455","post","type-post","status-publish","format-standard","has-post-thumbnail","hentry","category-analog","category-rok-2008","category-tramwaj","tag-2008-10-31","tag-konstal-102na","tag-mpk-wroclaw","tag-noc","tag-polska","tag-wroclaw"],"_links":{"self":[{"href":"https:\/\/wgphoto.pl\/t\/index.php?rest_route=\/wp\/v2\/posts\/16455","targetHints":{"allow":["GET"]}}],"collection":[{"href":"https:\/\/wgphoto.pl\/t\/index.php?rest_route=\/wp\/v2\/posts"}],"about":[{"href":"https:\/\/wgphoto.pl\/t\/index.php?rest_route=\/wp\/v2\/types\/post"}],"author":[{"embeddable":true,"href":"https:\/\/wgphoto.pl\/t\/index.php?rest_route=\/wp\/v2\/users\/1"}],"replies":[{"embeddable":true,"href":"https:\/\/wgphoto.pl\/t\/index.php?rest_route=%2Fwp%2Fv2%2Fcomments&post=16455"}],"version-history":[{"count":1,"href":"https:\/\/wgphoto.pl\/t\/index.php?rest_route=\/wp\/v2\/posts\/16455\/revisions"}],"predecessor-version":[{"id":16457,"href":"https:\/\/wgphoto.pl\/t\/index.php?rest_route=\/wp\/v2\/posts\/16455\/revisions\/16457"}],"wp:featuredmedia":[{"embeddable":true,"href":"https:\/\/wgphoto.pl\/t\/index.php?rest_route=\/wp\/v2\/media\/16456"}],"wp:attachment":[{"href":"https:\/\/wgphoto.pl\/t\/index.php?rest_route=%2Fwp%2Fv2%2Fmedia&parent=16455"}],"wp:term":[{"taxonomy":"category","embeddable":true,"href":"https:\/\/wgphoto.pl\/t\/index.php?rest_route=%2Fwp%2Fv2%2Fcategories&post=16455"},{"taxonomy":"post_tag","embeddable":true,"href":"https:\/\/wgphoto.pl\/t\/index.php?rest_route=%2Fwp%2Fv2%2Ftags&post=16455"}],"curies":[{"name":"wp","href":"https:\/\/api.w.org\/{rel}","templated":true}]}}