{"id":16464,"date":"2025-04-19T15:50:14","date_gmt":"2025-04-19T13:50:14","guid":{"rendered":"https:\/\/wgphoto.pl\/t\/?p=16464"},"modified":"2025-04-19T15:50:14","modified_gmt":"2025-04-19T13:50:14","slug":"et22-956","status":"publish","type":"post","link":"https:\/\/wgphoto.pl\/t\/?p=16464","title":{"rendered":"ET22-956"},"content":{"rendered":"\n<figure class=\"wp-block-image aligncenter size-full\"><img loading=\"lazy\" decoding=\"async\" width=\"1200\" height=\"803\" src=\"https:\/\/wgphoto.pl\/t\/wp-content\/uploads\/2025\/04\/IMGP8182.jpg\" alt=\"\" class=\"wp-image-16465\" srcset=\"https:\/\/wgphoto.pl\/t\/wp-content\/uploads\/2025\/04\/IMGP8182.jpg 1200w, https:\/\/wgphoto.pl\/t\/wp-content\/uploads\/2025\/04\/IMGP8182-300x201.jpg 300w, https:\/\/wgphoto.pl\/t\/wp-content\/uploads\/2025\/04\/IMGP8182-768x514.jpg 768w\" sizes=\"auto, (max-width: 1200px) 100vw, 1200px\" \/><\/figure>\n\n\n\n<div class=\"wp-block-group has-global-padding is-layout-constrained wp-block-group-is-layout-constrained\">\n<p>ET22-956 z kontenerami na haku jad\u0105c w kierunku Rzepina pokonuje pierwsze kilometry na terenie Polski. Foto z cyklu: zupe\u0142nie zapomnia\u0142em, \u017ce kiedy\u015b takie zrobi\u0142em. 02.08.2009<\/p>\n<\/div>\n","protected":false},"excerpt":{"rendered":"<p>ET22-956 z kontenerami na haku jad\u0105c w kierunku Rzepina pokonuje pierwsze kilometry na terenie Polski. Foto z cyklu: zupe\u0142nie zapomnia\u0142em, \u017ce kiedy\u015b takie zrobi\u0142em. 02.08.2009<\/p>\n","protected":false},"author":1,"featured_media":16465,"comment_status":"open","ping_status":"","sticky":false,"template":"","format":"standard","meta":{"footnotes":""},"categories":[2,169],"tags":[1070,26,3711,63,27,905,492,491,15],"class_list":["post-16464","post","type-post","status-publish","format-standard","has-post-thumbnail","hentry","category-kolej","category-rok-2009","tag-2009-08-02","tag-et22","tag-kunowice","tag-pkp","tag-polska","tag-przez","tag-rzepin","tag-tab-pl300","tag-tunel"],"_links":{"self":[{"href":"https:\/\/wgphoto.pl\/t\/index.php?rest_route=\/wp\/v2\/posts\/16464","targetHints":{"allow":["GET"]}}],"collection":[{"href":"https:\/\/wgphoto.pl\/t\/index.php?rest_route=\/wp\/v2\/posts"}],"about":[{"href":"https:\/\/wgphoto.pl\/t\/index.php?rest_route=\/wp\/v2\/types\/post"}],"author":[{"embeddable":true,"href":"https:\/\/wgphoto.pl\/t\/index.php?rest_route=\/wp\/v2\/users\/1"}],"replies":[{"embeddable":true,"href":"https:\/\/wgphoto.pl\/t\/index.php?rest_route=%2Fwp%2Fv2%2Fcomments&post=16464"}],"version-history":[{"count":1,"href":"https:\/\/wgphoto.pl\/t\/index.php?rest_route=\/wp\/v2\/posts\/16464\/revisions"}],"predecessor-version":[{"id":16466,"href":"https:\/\/wgphoto.pl\/t\/index.php?rest_route=\/wp\/v2\/posts\/16464\/revisions\/16466"}],"wp:featuredmedia":[{"embeddable":true,"href":"https:\/\/wgphoto.pl\/t\/index.php?rest_route=\/wp\/v2\/media\/16465"}],"wp:attachment":[{"href":"https:\/\/wgphoto.pl\/t\/index.php?rest_route=%2Fwp%2Fv2%2Fmedia&parent=16464"}],"wp:term":[{"taxonomy":"category","embeddable":true,"href":"https:\/\/wgphoto.pl\/t\/index.php?rest_route=%2Fwp%2Fv2%2Fcategories&post=16464"},{"taxonomy":"post_tag","embeddable":true,"href":"https:\/\/wgphoto.pl\/t\/index.php?rest_route=%2Fwp%2Fv2%2Ftags&post=16464"}],"curies":[{"name":"wp","href":"https:\/\/api.w.org\/{rel}","templated":true}]}}