{"id":16467,"date":"2025-04-19T15:51:04","date_gmt":"2025-04-19T13:51:04","guid":{"rendered":"https:\/\/wgphoto.pl\/t\/?p=16467"},"modified":"2025-04-19T15:51:04","modified_gmt":"2025-04-19T13:51:04","slug":"su45-064","status":"publish","type":"post","link":"https:\/\/wgphoto.pl\/t\/?p=16467","title":{"rendered":"SU45-064"},"content":{"rendered":"\n<figure class=\"wp-block-image aligncenter size-full\"><img loading=\"lazy\" decoding=\"async\" width=\"1200\" height=\"803\" src=\"https:\/\/wgphoto.pl\/t\/wp-content\/uploads\/2025\/04\/IMGP8179.jpg\" alt=\"\" class=\"wp-image-16468\" srcset=\"https:\/\/wgphoto.pl\/t\/wp-content\/uploads\/2025\/04\/IMGP8179.jpg 1200w, https:\/\/wgphoto.pl\/t\/wp-content\/uploads\/2025\/04\/IMGP8179-300x201.jpg 300w, https:\/\/wgphoto.pl\/t\/wp-content\/uploads\/2025\/04\/IMGP8179-768x514.jpg 768w\" sizes=\"auto, (max-width: 1200px) 100vw, 1200px\" \/><\/figure>\n\n\n\n<div class=\"wp-block-group has-global-padding is-layout-constrained wp-block-group-is-layout-constrained\">\n<p>SU45-064 z poci\u0105giem osobowym 70023 ze Zb\u0105szynka do Frankfurtu nad Odr\u0105 przeje\u017cd\u017ca pod przej\u015bciem dla zwierz\u0105t na szlaku Rzepin &#8211; Kunowice. 02.08.2009<\/p>\n<\/div>\n","protected":false},"excerpt":{"rendered":"<p>SU45-064 z poci\u0105giem osobowym 70023 ze Zb\u0105szynka do Frankfurtu nad Odr\u0105 przeje\u017cd\u017ca pod przej\u015bciem dla zwierz\u0105t na szlaku Rzepin &#8211; Kunowice. 02.08.2009<\/p>\n","protected":false},"author":1,"featured_media":16468,"comment_status":"open","ping_status":"","sticky":false,"template":"","format":"standard","meta":{"footnotes":""},"categories":[2,169],"tags":[1070,3711,63,27,492,290,491,15],"class_list":["post-16467","post","type-post","status-publish","format-standard","has-post-thumbnail","hentry","category-kolej","category-rok-2009","tag-2009-08-02","tag-kunowice","tag-pkp","tag-polska","tag-rzepin","tag-su45","tag-tab-pl300","tag-tunel"],"_links":{"self":[{"href":"https:\/\/wgphoto.pl\/t\/index.php?rest_route=\/wp\/v2\/posts\/16467","targetHints":{"allow":["GET"]}}],"collection":[{"href":"https:\/\/wgphoto.pl\/t\/index.php?rest_route=\/wp\/v2\/posts"}],"about":[{"href":"https:\/\/wgphoto.pl\/t\/index.php?rest_route=\/wp\/v2\/types\/post"}],"author":[{"embeddable":true,"href":"https:\/\/wgphoto.pl\/t\/index.php?rest_route=\/wp\/v2\/users\/1"}],"replies":[{"embeddable":true,"href":"https:\/\/wgphoto.pl\/t\/index.php?rest_route=%2Fwp%2Fv2%2Fcomments&post=16467"}],"version-history":[{"count":1,"href":"https:\/\/wgphoto.pl\/t\/index.php?rest_route=\/wp\/v2\/posts\/16467\/revisions"}],"predecessor-version":[{"id":16469,"href":"https:\/\/wgphoto.pl\/t\/index.php?rest_route=\/wp\/v2\/posts\/16467\/revisions\/16469"}],"wp:featuredmedia":[{"embeddable":true,"href":"https:\/\/wgphoto.pl\/t\/index.php?rest_route=\/wp\/v2\/media\/16468"}],"wp:attachment":[{"href":"https:\/\/wgphoto.pl\/t\/index.php?rest_route=%2Fwp%2Fv2%2Fmedia&parent=16467"}],"wp:term":[{"taxonomy":"category","embeddable":true,"href":"https:\/\/wgphoto.pl\/t\/index.php?rest_route=%2Fwp%2Fv2%2Fcategories&post=16467"},{"taxonomy":"post_tag","embeddable":true,"href":"https:\/\/wgphoto.pl\/t\/index.php?rest_route=%2Fwp%2Fv2%2Ftags&post=16467"}],"curies":[{"name":"wp","href":"https:\/\/api.w.org\/{rel}","templated":true}]}}