{"id":16470,"date":"2025-04-19T15:51:54","date_gmt":"2025-04-19T13:51:54","guid":{"rendered":"https:\/\/wgphoto.pl\/t\/?p=16470"},"modified":"2025-04-19T15:51:54","modified_gmt":"2025-04-19T13:51:54","slug":"poranek-w-radnicy-1","status":"publish","type":"post","link":"https:\/\/wgphoto.pl\/t\/?p=16470","title":{"rendered":"Poranek w Radnicy (1)"},"content":{"rendered":"\n<figure class=\"wp-block-image aligncenter size-full\"><img loading=\"lazy\" decoding=\"async\" width=\"1200\" height=\"803\" src=\"https:\/\/wgphoto.pl\/t\/wp-content\/uploads\/2025\/04\/IMGP8108.jpg\" alt=\"\" class=\"wp-image-16471\" srcset=\"https:\/\/wgphoto.pl\/t\/wp-content\/uploads\/2025\/04\/IMGP8108.jpg 1200w, https:\/\/wgphoto.pl\/t\/wp-content\/uploads\/2025\/04\/IMGP8108-300x201.jpg 300w, https:\/\/wgphoto.pl\/t\/wp-content\/uploads\/2025\/04\/IMGP8108-768x514.jpg 768w\" sizes=\"auto, (max-width: 1200px) 100vw, 1200px\" \/><\/figure>\n\n\n\n<div class=\"wp-block-group has-global-padding is-layout-constrained wp-block-group-is-layout-constrained\">\n<p>S\u0142o\u0144ce ledwo co wzesz\u0142o ponad drzewa, podkre\u015blaj\u0105c rdzaw\u0105 barw\u0119 s\u0142up\u00f3w trakcyjnych, a na stacj\u0119 wje\u017cd\u017ca EN57-709 jako poci\u0105g osobowy 8640 z Kostrzyna do Wroc\u0142awia G\u0142\u00f3wnego. 02.08.2009<\/p>\n<\/div>\n","protected":false},"excerpt":{"rendered":"<p>S\u0142o\u0144ce ledwo co wzesz\u0142o ponad drzewa, podkre\u015blaj\u0105c rdzaw\u0105 barw\u0119 s\u0142up\u00f3w trakcyjnych, a na stacj\u0119 wje\u017cd\u017ca EN57-709 jako poci\u0105g osobowy 8640 z Kostrzyna do Wroc\u0142awia G\u0142\u00f3wnego. 02.08.2009<\/p>\n","protected":false},"author":1,"featured_media":16471,"comment_status":"open","ping_status":"","sticky":false,"template":"","format":"standard","meta":{"footnotes":""},"categories":[2,169],"tags":[1070,132,63,27,1190,176,1071],"class_list":["post-16470","post","type-post","status-publish","format-standard","has-post-thumbnail","hentry","category-kolej","category-rok-2009","tag-2009-08-02","tag-en57","tag-pkp","tag-polska","tag-radnica","tag-rano","tag-tab-pl355"],"_links":{"self":[{"href":"https:\/\/wgphoto.pl\/t\/index.php?rest_route=\/wp\/v2\/posts\/16470","targetHints":{"allow":["GET"]}}],"collection":[{"href":"https:\/\/wgphoto.pl\/t\/index.php?rest_route=\/wp\/v2\/posts"}],"about":[{"href":"https:\/\/wgphoto.pl\/t\/index.php?rest_route=\/wp\/v2\/types\/post"}],"author":[{"embeddable":true,"href":"https:\/\/wgphoto.pl\/t\/index.php?rest_route=\/wp\/v2\/users\/1"}],"replies":[{"embeddable":true,"href":"https:\/\/wgphoto.pl\/t\/index.php?rest_route=%2Fwp%2Fv2%2Fcomments&post=16470"}],"version-history":[{"count":1,"href":"https:\/\/wgphoto.pl\/t\/index.php?rest_route=\/wp\/v2\/posts\/16470\/revisions"}],"predecessor-version":[{"id":16472,"href":"https:\/\/wgphoto.pl\/t\/index.php?rest_route=\/wp\/v2\/posts\/16470\/revisions\/16472"}],"wp:featuredmedia":[{"embeddable":true,"href":"https:\/\/wgphoto.pl\/t\/index.php?rest_route=\/wp\/v2\/media\/16471"}],"wp:attachment":[{"href":"https:\/\/wgphoto.pl\/t\/index.php?rest_route=%2Fwp%2Fv2%2Fmedia&parent=16470"}],"wp:term":[{"taxonomy":"category","embeddable":true,"href":"https:\/\/wgphoto.pl\/t\/index.php?rest_route=%2Fwp%2Fv2%2Fcategories&post=16470"},{"taxonomy":"post_tag","embeddable":true,"href":"https:\/\/wgphoto.pl\/t\/index.php?rest_route=%2Fwp%2Fv2%2Ftags&post=16470"}],"curies":[{"name":"wp","href":"https:\/\/api.w.org\/{rel}","templated":true}]}}