{"id":16476,"date":"2025-04-19T15:53:32","date_gmt":"2025-04-19T13:53:32","guid":{"rendered":"https:\/\/wgphoto.pl\/t\/?p=16476"},"modified":"2025-04-19T15:53:32","modified_gmt":"2025-04-19T13:53:32","slug":"poranek-w-komprachcicach","status":"publish","type":"post","link":"https:\/\/wgphoto.pl\/t\/?p=16476","title":{"rendered":"Poranek w Komprachcicach"},"content":{"rendered":"\n<figure class=\"wp-block-image aligncenter size-full\"><img loading=\"lazy\" decoding=\"async\" width=\"1200\" height=\"800\" src=\"https:\/\/wgphoto.pl\/t\/wp-content\/uploads\/2025\/04\/imgp9881-1.jpg\" alt=\"\" class=\"wp-image-16478\" srcset=\"https:\/\/wgphoto.pl\/t\/wp-content\/uploads\/2025\/04\/imgp9881-1.jpg 1200w, https:\/\/wgphoto.pl\/t\/wp-content\/uploads\/2025\/04\/imgp9881-1-300x200.jpg 300w, https:\/\/wgphoto.pl\/t\/wp-content\/uploads\/2025\/04\/imgp9881-1-768x512.jpg 768w\" sizes=\"auto, (max-width: 1200px) 100vw, 1200px\" \/><\/figure>\n\n\n\n<div class=\"wp-block-group has-global-padding is-layout-constrained wp-block-group-is-layout-constrained\">\n<p>Poci\u0105g osobowy 99021 z Opola do Ostru\u017enej (tego dnia tylko do G\u0142ucho\u0142az, gdzie sk\u0142ady si\u0119 wymieni\u0142y pasa\u017cerami i polski wr\u00f3ci\u0142 do Polski, a czeski do Czech) zatrzymuje si\u0119 w Komprachcicach, sk\u0105d zabierze jednego pasa\u017cera. Podobnie jak s\u0105siednie foto, to r\u00f3wnie\u017c posiada pewne mankamenty, ale o\u015bwietlenie tej sceny by\u0142o trudne wi\u0119c i tak jestem zadowolony, \u017ce co\u015b uda\u0142o si\u0119 z tego wyci\u0105gn\u0105\u0107. 19.09.2009<\/p>\n<\/div>\n","protected":false},"excerpt":{"rendered":"<p>Poci\u0105g osobowy 99021 z Opola do Ostru\u017enej (tego dnia tylko do G\u0142ucho\u0142az, gdzie sk\u0142ady si\u0119 wymieni\u0142y pasa\u017cerami i polski wr\u00f3ci\u0142 do Polski, a czeski do Czech) zatrzymuje si\u0119 w Komprachcicach, sk\u0105d zabierze jednego pasa\u017cera. Podobnie jak s\u0105siednie foto, to r\u00f3wnie\u017c posiada pewne mankamenty, ale o\u015bwietlenie tej sceny by\u0142o trudne wi\u0119c i tak jestem zadowolony, \u017ce [&hellip;]<\/p>\n","protected":false},"author":1,"featured_media":16478,"comment_status":"open","ping_status":"","sticky":false,"template":"","format":"standard","meta":{"footnotes":""},"categories":[2,169],"tags":[1150,3712,63,27,250,312],"class_list":["post-16476","post","type-post","status-publish","format-standard","has-post-thumbnail","hentry","category-kolej","category-rok-2009","tag-2009-09-19","tag-komprachcice","tag-pkp","tag-polska","tag-su42","tag-tab-pl202"],"_links":{"self":[{"href":"https:\/\/wgphoto.pl\/t\/index.php?rest_route=\/wp\/v2\/posts\/16476","targetHints":{"allow":["GET"]}}],"collection":[{"href":"https:\/\/wgphoto.pl\/t\/index.php?rest_route=\/wp\/v2\/posts"}],"about":[{"href":"https:\/\/wgphoto.pl\/t\/index.php?rest_route=\/wp\/v2\/types\/post"}],"author":[{"embeddable":true,"href":"https:\/\/wgphoto.pl\/t\/index.php?rest_route=\/wp\/v2\/users\/1"}],"replies":[{"embeddable":true,"href":"https:\/\/wgphoto.pl\/t\/index.php?rest_route=%2Fwp%2Fv2%2Fcomments&post=16476"}],"version-history":[{"count":1,"href":"https:\/\/wgphoto.pl\/t\/index.php?rest_route=\/wp\/v2\/posts\/16476\/revisions"}],"predecessor-version":[{"id":16479,"href":"https:\/\/wgphoto.pl\/t\/index.php?rest_route=\/wp\/v2\/posts\/16476\/revisions\/16479"}],"wp:featuredmedia":[{"embeddable":true,"href":"https:\/\/wgphoto.pl\/t\/index.php?rest_route=\/wp\/v2\/media\/16478"}],"wp:attachment":[{"href":"https:\/\/wgphoto.pl\/t\/index.php?rest_route=%2Fwp%2Fv2%2Fmedia&parent=16476"}],"wp:term":[{"taxonomy":"category","embeddable":true,"href":"https:\/\/wgphoto.pl\/t\/index.php?rest_route=%2Fwp%2Fv2%2Fcategories&post=16476"},{"taxonomy":"post_tag","embeddable":true,"href":"https:\/\/wgphoto.pl\/t\/index.php?rest_route=%2Fwp%2Fv2%2Ftags&post=16476"}],"curies":[{"name":"wp","href":"https:\/\/api.w.org\/{rel}","templated":true}]}}