{"id":16486,"date":"2025-04-19T15:56:16","date_gmt":"2025-04-19T13:56:16","guid":{"rendered":"https:\/\/wgphoto.pl\/t\/?p=16486"},"modified":"2025-04-19T15:56:16","modified_gmt":"2025-04-19T13:56:16","slug":"letni-wieczor-na-biskupinie","status":"publish","type":"post","link":"https:\/\/wgphoto.pl\/t\/?p=16486","title":{"rendered":"Letni wiecz\u00f3r na Biskupinie"},"content":{"rendered":"\n<figure class=\"wp-block-image aligncenter size-full\"><img loading=\"lazy\" decoding=\"async\" width=\"1050\" height=\"700\" src=\"https:\/\/wgphoto.pl\/t\/wp-content\/uploads\/2025\/04\/0905-21.jpg\" alt=\"\" class=\"wp-image-16487\" srcset=\"https:\/\/wgphoto.pl\/t\/wp-content\/uploads\/2025\/04\/0905-21.jpg 1050w, https:\/\/wgphoto.pl\/t\/wp-content\/uploads\/2025\/04\/0905-21-300x200.jpg 300w, https:\/\/wgphoto.pl\/t\/wp-content\/uploads\/2025\/04\/0905-21-768x512.jpg 768w\" sizes=\"auto, (max-width: 1050px) 100vw, 1050px\" \/><\/figure>\n\n\n\n<div class=\"wp-block-group has-global-padding is-layout-constrained wp-block-group-is-layout-constrained\">\n<p>Wroc\u0142aw, ul. Karola Olszewskiego. Miesi\u0105c po wykonaniu poprzedniego zdj\u0119cia ju\u017c pentakiem, powy\u017csze na\u015bwietli\u0142em jeszcze na kliszy, gdy\u017c wtedy jeszcze my\u015bla\u0142em, \u017ce nocne z cyfry to dno. Jak\u017ce si\u0119 myli\u0142em. \ud83d\ude09 I teraz ch\u0119tnie bym to uj\u0119cie powt\u00f3rzy\u0142. Sam za\u015b kadr wzi\u0105\u0142 si\u0119 st\u0105d, \u017ce zawsze chcia\u0142em pokaza\u0107 na zdj\u0119ciu perspektyw\u0119 tej ulicy sk\u0105panej w zieleni. Ci\u0119\u017cko by\u0142o wpasowa\u0107 tramwaj pomi\u0119dzy s\u0142upy oraz inne wyposa\u017cenie chodnika, ale si\u0119 uda\u0142o. 2009-07-28<\/p>\n<\/div>\n","protected":false},"excerpt":{"rendered":"<p>Wroc\u0142aw, ul. Karola Olszewskiego. Miesi\u0105c po wykonaniu poprzedniego zdj\u0119cia ju\u017c pentakiem, powy\u017csze na\u015bwietli\u0142em jeszcze na kliszy, gdy\u017c wtedy jeszcze my\u015bla\u0142em, \u017ce nocne z cyfry to dno. Jak\u017ce si\u0119 myli\u0142em. \ud83d\ude09 I teraz ch\u0119tnie bym to uj\u0119cie powt\u00f3rzy\u0142. Sam za\u015b kadr wzi\u0105\u0142 si\u0119 st\u0105d, \u017ce zawsze chcia\u0142em pokaza\u0107 na zdj\u0119ciu perspektyw\u0119 tej ulicy sk\u0105panej w zieleni. [&hellip;]<\/p>\n","protected":false},"author":1,"featured_media":16487,"comment_status":"open","ping_status":"","sticky":false,"template":"","format":"standard","meta":{"footnotes":""},"categories":[169,3],"tags":[155,3714,42,154,27,439,41],"class_list":["post-16486","post","type-post","status-publish","format-standard","has-post-thumbnail","hentry","category-rok-2009","category-tramwaj","tag-105na","tag-2009-07-28","tag-mpk-wroclaw","tag-noc","tag-polska","tag-we-fabryce","tag-wroclaw"],"_links":{"self":[{"href":"https:\/\/wgphoto.pl\/t\/index.php?rest_route=\/wp\/v2\/posts\/16486","targetHints":{"allow":["GET"]}}],"collection":[{"href":"https:\/\/wgphoto.pl\/t\/index.php?rest_route=\/wp\/v2\/posts"}],"about":[{"href":"https:\/\/wgphoto.pl\/t\/index.php?rest_route=\/wp\/v2\/types\/post"}],"author":[{"embeddable":true,"href":"https:\/\/wgphoto.pl\/t\/index.php?rest_route=\/wp\/v2\/users\/1"}],"replies":[{"embeddable":true,"href":"https:\/\/wgphoto.pl\/t\/index.php?rest_route=%2Fwp%2Fv2%2Fcomments&post=16486"}],"version-history":[{"count":1,"href":"https:\/\/wgphoto.pl\/t\/index.php?rest_route=\/wp\/v2\/posts\/16486\/revisions"}],"predecessor-version":[{"id":16488,"href":"https:\/\/wgphoto.pl\/t\/index.php?rest_route=\/wp\/v2\/posts\/16486\/revisions\/16488"}],"wp:featuredmedia":[{"embeddable":true,"href":"https:\/\/wgphoto.pl\/t\/index.php?rest_route=\/wp\/v2\/media\/16487"}],"wp:attachment":[{"href":"https:\/\/wgphoto.pl\/t\/index.php?rest_route=%2Fwp%2Fv2%2Fmedia&parent=16486"}],"wp:term":[{"taxonomy":"category","embeddable":true,"href":"https:\/\/wgphoto.pl\/t\/index.php?rest_route=%2Fwp%2Fv2%2Fcategories&post=16486"},{"taxonomy":"post_tag","embeddable":true,"href":"https:\/\/wgphoto.pl\/t\/index.php?rest_route=%2Fwp%2Fv2%2Ftags&post=16486"}],"curies":[{"name":"wp","href":"https:\/\/api.w.org\/{rel}","templated":true}]}}