{"id":16489,"date":"2025-04-19T15:57:04","date_gmt":"2025-04-19T13:57:04","guid":{"rendered":"https:\/\/wgphoto.pl\/t\/?p=16489"},"modified":"2025-04-19T15:57:04","modified_gmt":"2025-04-19T13:57:04","slug":"nie-do-poznania-2","status":"publish","type":"post","link":"https:\/\/wgphoto.pl\/t\/?p=16489","title":{"rendered":"Nie do poznania"},"content":{"rendered":"\n<figure class=\"wp-block-image aligncenter size-full\"><img loading=\"lazy\" decoding=\"async\" width=\"600\" height=\"900\" src=\"https:\/\/wgphoto.pl\/t\/wp-content\/uploads\/2025\/04\/IMGP6156.jpg\" alt=\"\" class=\"wp-image-16490\" srcset=\"https:\/\/wgphoto.pl\/t\/wp-content\/uploads\/2025\/04\/IMGP6156.jpg 600w, https:\/\/wgphoto.pl\/t\/wp-content\/uploads\/2025\/04\/IMGP6156-200x300.jpg 200w\" sizes=\"auto, (max-width: 600px) 100vw, 600px\" \/><\/figure>\n\n\n\n<div class=\"wp-block-group has-global-padding is-layout-constrained wp-block-group-is-layout-constrained\">\n<p>Wroc\u0142aw, ul. Kosmonaut\u00f3w. Nieistniej\u0105cy ju\u017c sk\u0142ad stopi\u0105tek zatrzymuje si\u0119 na przystanku Glinianki, kt\u00f3rego okolica wraz z budow\u0105 AOW zmieni\u0142a si\u0119 nie do poznania. Z tego kadru do dzi\u015b pozosta\u0142o mo\u017ce kilka drzew, ale i tego nie jestem pewien. 28.06.2009<\/p>\n<\/div>\n","protected":false},"excerpt":{"rendered":"<p>Wroc\u0142aw, ul. Kosmonaut\u00f3w. Nieistniej\u0105cy ju\u017c sk\u0142ad stopi\u0105tek zatrzymuje si\u0119 na przystanku Glinianki, kt\u00f3rego okolica wraz z budow\u0105 AOW zmieni\u0142a si\u0119 nie do poznania. Z tego kadru do dzi\u015b pozosta\u0142o mo\u017ce kilka drzew, ale i tego nie jestem pewien. 28.06.2009<\/p>\n","protected":false},"author":1,"featured_media":16490,"comment_status":"open","ping_status":"","sticky":false,"template":"","format":"standard","meta":{"footnotes":""},"categories":[128,169,3],"tags":[155,3463,395,42,27,41],"class_list":["post-16489","post","type-post","status-publish","format-standard","has-post-thumbnail","hentry","category-pionowe","category-rok-2009","category-tramwaj","tag-105na","tag-2009-06-28","tag-lustro","tag-mpk-wroclaw","tag-polska","tag-wroclaw"],"_links":{"self":[{"href":"https:\/\/wgphoto.pl\/t\/index.php?rest_route=\/wp\/v2\/posts\/16489","targetHints":{"allow":["GET"]}}],"collection":[{"href":"https:\/\/wgphoto.pl\/t\/index.php?rest_route=\/wp\/v2\/posts"}],"about":[{"href":"https:\/\/wgphoto.pl\/t\/index.php?rest_route=\/wp\/v2\/types\/post"}],"author":[{"embeddable":true,"href":"https:\/\/wgphoto.pl\/t\/index.php?rest_route=\/wp\/v2\/users\/1"}],"replies":[{"embeddable":true,"href":"https:\/\/wgphoto.pl\/t\/index.php?rest_route=%2Fwp%2Fv2%2Fcomments&post=16489"}],"version-history":[{"count":1,"href":"https:\/\/wgphoto.pl\/t\/index.php?rest_route=\/wp\/v2\/posts\/16489\/revisions"}],"predecessor-version":[{"id":16491,"href":"https:\/\/wgphoto.pl\/t\/index.php?rest_route=\/wp\/v2\/posts\/16489\/revisions\/16491"}],"wp:featuredmedia":[{"embeddable":true,"href":"https:\/\/wgphoto.pl\/t\/index.php?rest_route=\/wp\/v2\/media\/16490"}],"wp:attachment":[{"href":"https:\/\/wgphoto.pl\/t\/index.php?rest_route=%2Fwp%2Fv2%2Fmedia&parent=16489"}],"wp:term":[{"taxonomy":"category","embeddable":true,"href":"https:\/\/wgphoto.pl\/t\/index.php?rest_route=%2Fwp%2Fv2%2Fcategories&post=16489"},{"taxonomy":"post_tag","embeddable":true,"href":"https:\/\/wgphoto.pl\/t\/index.php?rest_route=%2Fwp%2Fv2%2Ftags&post=16489"}],"curies":[{"name":"wp","href":"https:\/\/api.w.org\/{rel}","templated":true}]}}