{"id":16492,"date":"2025-04-19T15:57:58","date_gmt":"2025-04-19T13:57:58","guid":{"rendered":"https:\/\/wgphoto.pl\/t\/?p=16492"},"modified":"2025-04-19T15:57:58","modified_gmt":"2025-04-19T13:57:58","slug":"geometria","status":"publish","type":"post","link":"https:\/\/wgphoto.pl\/t\/?p=16492","title":{"rendered":"Geometria"},"content":{"rendered":"\n<figure class=\"wp-block-image aligncenter size-full\"><img loading=\"lazy\" decoding=\"async\" width=\"1200\" height=\"800\" src=\"https:\/\/wgphoto.pl\/t\/wp-content\/uploads\/2025\/04\/IMGP5386.jpg\" alt=\"\" class=\"wp-image-16493\" srcset=\"https:\/\/wgphoto.pl\/t\/wp-content\/uploads\/2025\/04\/IMGP5386.jpg 1200w, https:\/\/wgphoto.pl\/t\/wp-content\/uploads\/2025\/04\/IMGP5386-300x200.jpg 300w, https:\/\/wgphoto.pl\/t\/wp-content\/uploads\/2025\/04\/IMGP5386-768x512.jpg 768w\" sizes=\"auto, (max-width: 1200px) 100vw, 1200px\" \/><\/figure>\n\n\n\n<div class=\"wp-block-group has-global-padding is-layout-constrained wp-block-group-is-layout-constrained\">\n<p>Budapeszt, F\u0151v\u00e1m t\u00e9r, a konkretniej podziemny przystanek naddunajskiej dw\u00f3jki. Nad tramwajem znajduje si\u0119 przycz\u00f3\u0142ek mostu Wolno\u015bci, kt\u00f3y go\u015bci\u0142 ju\u017c tu na kilku zdj\u0119ciach. 18.06.2014<\/p>\n<\/div>\n","protected":false},"excerpt":{"rendered":"<p>Budapeszt, F\u0151v\u00e1m t\u00e9r, a konkretniej podziemny przystanek naddunajskiej dw\u00f3jki. Nad tramwajem znajduje si\u0119 przycz\u00f3\u0142ek mostu Wolno\u015bci, kt\u00f3y go\u015bci\u0142 ju\u017c tu na kilku zdj\u0119ciach. 18.06.2014<\/p>\n","protected":false},"author":1,"featured_media":16493,"comment_status":"open","ping_status":"","sticky":false,"template":"","format":"standard","meta":{"footnotes":""},"categories":[220,48,3],"tags":[148,147,144,699,219,15,105],"class_list":["post-16492","post","type-post","status-publish","format-standard","has-post-thumbnail","hentry","category-blo","category-rok-2014","category-tramwaj","tag-2014-06-18","tag-bkv-budapest","tag-budapeszt","tag-ganz-csmg2","tag-przystanek","tag-tunel","tag-wegry"],"_links":{"self":[{"href":"https:\/\/wgphoto.pl\/t\/index.php?rest_route=\/wp\/v2\/posts\/16492","targetHints":{"allow":["GET"]}}],"collection":[{"href":"https:\/\/wgphoto.pl\/t\/index.php?rest_route=\/wp\/v2\/posts"}],"about":[{"href":"https:\/\/wgphoto.pl\/t\/index.php?rest_route=\/wp\/v2\/types\/post"}],"author":[{"embeddable":true,"href":"https:\/\/wgphoto.pl\/t\/index.php?rest_route=\/wp\/v2\/users\/1"}],"replies":[{"embeddable":true,"href":"https:\/\/wgphoto.pl\/t\/index.php?rest_route=%2Fwp%2Fv2%2Fcomments&post=16492"}],"version-history":[{"count":1,"href":"https:\/\/wgphoto.pl\/t\/index.php?rest_route=\/wp\/v2\/posts\/16492\/revisions"}],"predecessor-version":[{"id":16494,"href":"https:\/\/wgphoto.pl\/t\/index.php?rest_route=\/wp\/v2\/posts\/16492\/revisions\/16494"}],"wp:featuredmedia":[{"embeddable":true,"href":"https:\/\/wgphoto.pl\/t\/index.php?rest_route=\/wp\/v2\/media\/16493"}],"wp:attachment":[{"href":"https:\/\/wgphoto.pl\/t\/index.php?rest_route=%2Fwp%2Fv2%2Fmedia&parent=16492"}],"wp:term":[{"taxonomy":"category","embeddable":true,"href":"https:\/\/wgphoto.pl\/t\/index.php?rest_route=%2Fwp%2Fv2%2Fcategories&post=16492"},{"taxonomy":"post_tag","embeddable":true,"href":"https:\/\/wgphoto.pl\/t\/index.php?rest_route=%2Fwp%2Fv2%2Ftags&post=16492"}],"curies":[{"name":"wp","href":"https:\/\/api.w.org\/{rel}","templated":true}]}}