{"id":16495,"date":"2025-04-19T15:59:00","date_gmt":"2025-04-19T13:59:00","guid":{"rendered":"https:\/\/wgphoto.pl\/t\/?p=16495"},"modified":"2025-04-19T15:59:00","modified_gmt":"2025-04-19T13:59:00","slug":"jeszted","status":"publish","type":"post","link":"https:\/\/wgphoto.pl\/t\/?p=16495","title":{"rendered":"Jeszted"},"content":{"rendered":"\n<figure class=\"wp-block-image aligncenter size-full\"><img loading=\"lazy\" decoding=\"async\" width=\"1200\" height=\"800\" src=\"https:\/\/wgphoto.pl\/t\/wp-content\/uploads\/2025\/04\/imgp9506-1-1.jpg\" alt=\"\" class=\"wp-image-16497\" srcset=\"https:\/\/wgphoto.pl\/t\/wp-content\/uploads\/2025\/04\/imgp9506-1-1.jpg 1200w, https:\/\/wgphoto.pl\/t\/wp-content\/uploads\/2025\/04\/imgp9506-1-1-300x200.jpg 300w, https:\/\/wgphoto.pl\/t\/wp-content\/uploads\/2025\/04\/imgp9506-1-1-768x512.jpg 768w\" sizes=\"auto, (max-width: 1200px) 100vw, 1200px\" \/><\/figure>\n\n\n\n<div class=\"wp-block-group has-global-padding is-layout-constrained wp-block-group-is-layout-constrained\">\n<p>Wbrew pozorom nie jest \u0142atwo zmie\u015bci\u0107 w jednym kadrze tramwaj i symbol Liberca &#8211; g\u00f3r\u0119 Je\u0161t\u011bd (1012 m n.p.m.), gdy\u017c w tych nielicznych miejscach, gdzie tory wywijaj\u0105 si\u0119 we w\u0142a\u015bciw\u0105 stron\u0119, zadanie utrudniaj\u0105 wyro\u015bni\u0119te drzewa. 27.05.2018<\/p>\n<\/div>\n","protected":false},"excerpt":{"rendered":"<p>Wbrew pozorom nie jest \u0142atwo zmie\u015bci\u0107 w jednym kadrze tramwaj i symbol Liberca &#8211; g\u00f3r\u0119 Je\u0161t\u011bd (1012 m n.p.m.), gdy\u017c w tych nielicznych miejscach, gdzie tory wywijaj\u0105 si\u0119 we w\u0142a\u015bciw\u0105 stron\u0119, zadanie utrudniaj\u0105 wyro\u015bni\u0119te drzewa. 27.05.2018<\/p>\n","protected":false},"author":1,"featured_media":16497,"comment_status":"open","ping_status":"","sticky":false,"template":"","format":"standard","meta":{"footnotes":""},"categories":[156,3],"tags":[3370,49,875,114,877,1011],"class_list":["post-16495","post","type-post","status-publish","format-standard","has-post-thumbnail","hentry","category-rok-2018","category-tramwaj","tag-2018-05-27","tag-czechy","tag-dpmlj-liberec","tag-gory","tag-liberec","tag-tatra-t3"],"_links":{"self":[{"href":"https:\/\/wgphoto.pl\/t\/index.php?rest_route=\/wp\/v2\/posts\/16495","targetHints":{"allow":["GET"]}}],"collection":[{"href":"https:\/\/wgphoto.pl\/t\/index.php?rest_route=\/wp\/v2\/posts"}],"about":[{"href":"https:\/\/wgphoto.pl\/t\/index.php?rest_route=\/wp\/v2\/types\/post"}],"author":[{"embeddable":true,"href":"https:\/\/wgphoto.pl\/t\/index.php?rest_route=\/wp\/v2\/users\/1"}],"replies":[{"embeddable":true,"href":"https:\/\/wgphoto.pl\/t\/index.php?rest_route=%2Fwp%2Fv2%2Fcomments&post=16495"}],"version-history":[{"count":1,"href":"https:\/\/wgphoto.pl\/t\/index.php?rest_route=\/wp\/v2\/posts\/16495\/revisions"}],"predecessor-version":[{"id":16498,"href":"https:\/\/wgphoto.pl\/t\/index.php?rest_route=\/wp\/v2\/posts\/16495\/revisions\/16498"}],"wp:featuredmedia":[{"embeddable":true,"href":"https:\/\/wgphoto.pl\/t\/index.php?rest_route=\/wp\/v2\/media\/16497"}],"wp:attachment":[{"href":"https:\/\/wgphoto.pl\/t\/index.php?rest_route=%2Fwp%2Fv2%2Fmedia&parent=16495"}],"wp:term":[{"taxonomy":"category","embeddable":true,"href":"https:\/\/wgphoto.pl\/t\/index.php?rest_route=%2Fwp%2Fv2%2Fcategories&post=16495"},{"taxonomy":"post_tag","embeddable":true,"href":"https:\/\/wgphoto.pl\/t\/index.php?rest_route=%2Fwp%2Fv2%2Ftags&post=16495"}],"curies":[{"name":"wp","href":"https:\/\/api.w.org\/{rel}","templated":true}]}}