{"id":16499,"date":"2025-04-19T16:00:12","date_gmt":"2025-04-19T14:00:12","guid":{"rendered":"https:\/\/wgphoto.pl\/t\/?p=16499"},"modified":"2025-04-19T16:00:12","modified_gmt":"2025-04-19T14:00:12","slug":"wolne-przebiegi","status":"publish","type":"post","link":"https:\/\/wgphoto.pl\/t\/?p=16499","title":{"rendered":"Wolne przebiegi"},"content":{"rendered":"\n<figure class=\"wp-block-image aligncenter size-full\"><img loading=\"lazy\" decoding=\"async\" width=\"1200\" height=\"800\" src=\"https:\/\/wgphoto.pl\/t\/wp-content\/uploads\/2025\/04\/IMGP0484.jpg\" alt=\"\" class=\"wp-image-16500\" srcset=\"https:\/\/wgphoto.pl\/t\/wp-content\/uploads\/2025\/04\/IMGP0484.jpg 1200w, https:\/\/wgphoto.pl\/t\/wp-content\/uploads\/2025\/04\/IMGP0484-300x200.jpg 300w, https:\/\/wgphoto.pl\/t\/wp-content\/uploads\/2025\/04\/IMGP0484-768x512.jpg 768w\" sizes=\"auto, (max-width: 1200px) 100vw, 1200px\" \/><\/figure>\n\n\n\n<div class=\"wp-block-group has-global-padding is-layout-constrained wp-block-group-is-layout-constrained\">\n<p>SP32-209 jedzie luzem z Kamie\u0144ca Z\u0105bkowickiego do K\u0142odzka aby podj\u0105\u0107 prac\u0119 przy poci\u0105gach do Kudowy-Zdroju. 21.02.2009<\/p>\n<\/div>\n","protected":false},"excerpt":{"rendered":"<p>SP32-209 jedzie luzem z Kamie\u0144ca Z\u0105bkowickiego do K\u0142odzka aby podj\u0105\u0107 prac\u0119 przy poci\u0105gach do Kudowy-Zdroju. 21.02.2009<\/p>\n","protected":false},"author":1,"featured_media":16500,"comment_status":"open","ping_status":"","sticky":false,"template":"","format":"standard","meta":{"footnotes":""},"categories":[2,169],"tags":[880,2274,63,27,385,3541,383],"class_list":["post-16499","post","type-post","status-publish","format-standard","has-post-thumbnail","hentry","category-kolej","category-rok-2009","tag-2009-02-21","tag-kamieniec-zabkowicki","tag-pkp","tag-polska","tag-sp32","tag-suszka","tag-tab-pl230"],"_links":{"self":[{"href":"https:\/\/wgphoto.pl\/t\/index.php?rest_route=\/wp\/v2\/posts\/16499","targetHints":{"allow":["GET"]}}],"collection":[{"href":"https:\/\/wgphoto.pl\/t\/index.php?rest_route=\/wp\/v2\/posts"}],"about":[{"href":"https:\/\/wgphoto.pl\/t\/index.php?rest_route=\/wp\/v2\/types\/post"}],"author":[{"embeddable":true,"href":"https:\/\/wgphoto.pl\/t\/index.php?rest_route=\/wp\/v2\/users\/1"}],"replies":[{"embeddable":true,"href":"https:\/\/wgphoto.pl\/t\/index.php?rest_route=%2Fwp%2Fv2%2Fcomments&post=16499"}],"version-history":[{"count":1,"href":"https:\/\/wgphoto.pl\/t\/index.php?rest_route=\/wp\/v2\/posts\/16499\/revisions"}],"predecessor-version":[{"id":16501,"href":"https:\/\/wgphoto.pl\/t\/index.php?rest_route=\/wp\/v2\/posts\/16499\/revisions\/16501"}],"wp:featuredmedia":[{"embeddable":true,"href":"https:\/\/wgphoto.pl\/t\/index.php?rest_route=\/wp\/v2\/media\/16500"}],"wp:attachment":[{"href":"https:\/\/wgphoto.pl\/t\/index.php?rest_route=%2Fwp%2Fv2%2Fmedia&parent=16499"}],"wp:term":[{"taxonomy":"category","embeddable":true,"href":"https:\/\/wgphoto.pl\/t\/index.php?rest_route=%2Fwp%2Fv2%2Fcategories&post=16499"},{"taxonomy":"post_tag","embeddable":true,"href":"https:\/\/wgphoto.pl\/t\/index.php?rest_route=%2Fwp%2Fv2%2Ftags&post=16499"}],"curies":[{"name":"wp","href":"https:\/\/api.w.org\/{rel}","templated":true}]}}