{"id":16508,"date":"2025-04-19T16:03:10","date_gmt":"2025-04-19T14:03:10","guid":{"rendered":"https:\/\/wgphoto.pl\/t\/?p=16508"},"modified":"2025-04-19T16:03:10","modified_gmt":"2025-04-19T14:03:10","slug":"o-kwadracie","status":"publish","type":"post","link":"https:\/\/wgphoto.pl\/t\/?p=16508","title":{"rendered":"O kwadracie"},"content":{"rendered":"\n<figure class=\"wp-block-image aligncenter size-full\"><img loading=\"lazy\" decoding=\"async\" width=\"1200\" height=\"800\" src=\"https:\/\/wgphoto.pl\/t\/wp-content\/uploads\/2025\/04\/0813-00.jpg\" alt=\"\" class=\"wp-image-16509\" srcset=\"https:\/\/wgphoto.pl\/t\/wp-content\/uploads\/2025\/04\/0813-00.jpg 1200w, https:\/\/wgphoto.pl\/t\/wp-content\/uploads\/2025\/04\/0813-00-300x200.jpg 300w, https:\/\/wgphoto.pl\/t\/wp-content\/uploads\/2025\/04\/0813-00-768x512.jpg 768w\" sizes=\"auto, (max-width: 1200px) 100vw, 1200px\" \/><\/figure>\n\n\n\n<div class=\"wp-block-group has-global-padding is-layout-constrained wp-block-group-is-layout-constrained\">\n<p>Sk\u0142ad T3SUCS 279+264 podczas kr\u00f3tkiego postoju na przystanku Litv\u00ednov, Technick\u00e9 slu\u017eby. Mo\u017cecie si\u0119 ze mnie \u015bmia\u0107, ale wsta\u0142em wcze\u015bniej specjalnie po to aby z\u0142apa\u0107 tramwaj o \u015bwicie (mo\u017ce tego nie wida\u0107, ale tutaj w u\u017cyciu by\u0142 statyw i czas na\u015bwietlania nieutrzymywalny z r\u0119ki), bo chcia\u0142em sprawdzi\u0107 czy ichnie kwadraty s\u0105 pod\u015bwietlane. Jak wida\u0107 &#8211; nie s\u0105. Ca\u0142y trud na marne. \ud83d\ude09 Ale skoro ju\u017c przy tych kwadratach jeste\u015bmy &#8211; umiejscowienie numeru linii w Tatrze w tym miejscu to ewenement na skal\u0119 chyba og\u00f3lno\u015bwiatow\u0105. 10.09.2008<\/p>\n<\/div>\n","protected":false},"excerpt":{"rendered":"<p>Sk\u0142ad T3SUCS 279+264 podczas kr\u00f3tkiego postoju na przystanku Litv\u00ednov, Technick\u00e9 slu\u017eby. Mo\u017cecie si\u0119 ze mnie \u015bmia\u0107, ale wsta\u0142em wcze\u015bniej specjalnie po to aby z\u0142apa\u0107 tramwaj o \u015bwicie (mo\u017ce tego nie wida\u0107, ale tutaj w u\u017cyciu by\u0142 statyw i czas na\u015bwietlania nieutrzymywalny z r\u0119ki), bo chcia\u0142em sprawdzi\u0107 czy ichnie kwadraty s\u0105 pod\u015bwietlane. Jak wida\u0107 &#8211; nie [&hellip;]<\/p>\n","protected":false},"author":1,"featured_media":16509,"comment_status":"open","ping_status":"","sticky":false,"template":"","format":"standard","meta":{"footnotes":""},"categories":[62,120,3],"tags":[1682,49,1684,2453,176,1011],"class_list":["post-16508","post","type-post","status-publish","format-standard","has-post-thumbnail","hentry","category-analog","category-rok-2008","category-tramwaj","tag-2008-09-10","tag-czechy","tag-dp-most","tag-litvinov","tag-rano","tag-tatra-t3"],"_links":{"self":[{"href":"https:\/\/wgphoto.pl\/t\/index.php?rest_route=\/wp\/v2\/posts\/16508","targetHints":{"allow":["GET"]}}],"collection":[{"href":"https:\/\/wgphoto.pl\/t\/index.php?rest_route=\/wp\/v2\/posts"}],"about":[{"href":"https:\/\/wgphoto.pl\/t\/index.php?rest_route=\/wp\/v2\/types\/post"}],"author":[{"embeddable":true,"href":"https:\/\/wgphoto.pl\/t\/index.php?rest_route=\/wp\/v2\/users\/1"}],"replies":[{"embeddable":true,"href":"https:\/\/wgphoto.pl\/t\/index.php?rest_route=%2Fwp%2Fv2%2Fcomments&post=16508"}],"version-history":[{"count":1,"href":"https:\/\/wgphoto.pl\/t\/index.php?rest_route=\/wp\/v2\/posts\/16508\/revisions"}],"predecessor-version":[{"id":16510,"href":"https:\/\/wgphoto.pl\/t\/index.php?rest_route=\/wp\/v2\/posts\/16508\/revisions\/16510"}],"wp:featuredmedia":[{"embeddable":true,"href":"https:\/\/wgphoto.pl\/t\/index.php?rest_route=\/wp\/v2\/media\/16509"}],"wp:attachment":[{"href":"https:\/\/wgphoto.pl\/t\/index.php?rest_route=%2Fwp%2Fv2%2Fmedia&parent=16508"}],"wp:term":[{"taxonomy":"category","embeddable":true,"href":"https:\/\/wgphoto.pl\/t\/index.php?rest_route=%2Fwp%2Fv2%2Fcategories&post=16508"},{"taxonomy":"post_tag","embeddable":true,"href":"https:\/\/wgphoto.pl\/t\/index.php?rest_route=%2Fwp%2Fv2%2Ftags&post=16508"}],"curies":[{"name":"wp","href":"https:\/\/api.w.org\/{rel}","templated":true}]}}