{"id":16529,"date":"2025-04-19T16:09:19","date_gmt":"2025-04-19T14:09:19","guid":{"rendered":"https:\/\/wgphoto.pl\/t\/?p=16529"},"modified":"2025-04-19T16:09:19","modified_gmt":"2025-04-19T14:09:19","slug":"w-biskupicach-nadal-nic","status":"publish","type":"post","link":"https:\/\/wgphoto.pl\/t\/?p=16529","title":{"rendered":"W Biskupicach nadal nic"},"content":{"rendered":"\n<figure class=\"wp-block-image aligncenter size-full\"><img loading=\"lazy\" decoding=\"async\" width=\"1200\" height=\"800\" src=\"https:\/\/wgphoto.pl\/t\/wp-content\/uploads\/2025\/04\/IMGP6640.jpg\" alt=\"\" class=\"wp-image-16530\" srcset=\"https:\/\/wgphoto.pl\/t\/wp-content\/uploads\/2025\/04\/IMGP6640.jpg 1200w, https:\/\/wgphoto.pl\/t\/wp-content\/uploads\/2025\/04\/IMGP6640-300x200.jpg 300w, https:\/\/wgphoto.pl\/t\/wp-content\/uploads\/2025\/04\/IMGP6640-768x512.jpg 768w\" sizes=\"auto, (max-width: 1200px) 100vw, 1200px\" \/><\/figure>\n\n\n\n<div class=\"wp-block-group has-global-padding is-layout-constrained wp-block-group-is-layout-constrained\">\n<p>EU07-055 prowadzi poci\u0105g pospieszny &#8222;\u015awiatowid&#8221; z Przemy\u015bla do Szczecina. Sk\u0142ad mija budynek stacyjny w Biskupicach O\u0142awskich. Nie mam poj\u0119cia, czemu go nie obj\u0105\u0142em w ca\u0142o\u015bci na szerszym k\u0105cie. 08.07.2009<\/p>\n<\/div>\n","protected":false},"excerpt":{"rendered":"<p>EU07-055 prowadzi poci\u0105g pospieszny &#8222;\u015awiatowid&#8221; z Przemy\u015bla do Szczecina. Sk\u0142ad mija budynek stacyjny w Biskupicach O\u0142awskich. Nie mam poj\u0119cia, czemu go nie obj\u0105\u0142em w ca\u0142o\u015bci na szerszym k\u0105cie. 08.07.2009<\/p>\n","protected":false},"author":1,"featured_media":16530,"comment_status":"open","ping_status":"","sticky":false,"template":"","format":"standard","meta":{"footnotes":""},"categories":[2,169],"tags":[2236,3719,122,63,27,2179],"class_list":["post-16529","post","type-post","status-publish","format-standard","has-post-thumbnail","hentry","category-kolej","category-rok-2009","tag-2009-07-08","tag-biskupice-olawskie","tag-eu07","tag-pkp","tag-polska","tag-tab-pl215"],"_links":{"self":[{"href":"https:\/\/wgphoto.pl\/t\/index.php?rest_route=\/wp\/v2\/posts\/16529","targetHints":{"allow":["GET"]}}],"collection":[{"href":"https:\/\/wgphoto.pl\/t\/index.php?rest_route=\/wp\/v2\/posts"}],"about":[{"href":"https:\/\/wgphoto.pl\/t\/index.php?rest_route=\/wp\/v2\/types\/post"}],"author":[{"embeddable":true,"href":"https:\/\/wgphoto.pl\/t\/index.php?rest_route=\/wp\/v2\/users\/1"}],"replies":[{"embeddable":true,"href":"https:\/\/wgphoto.pl\/t\/index.php?rest_route=%2Fwp%2Fv2%2Fcomments&post=16529"}],"version-history":[{"count":1,"href":"https:\/\/wgphoto.pl\/t\/index.php?rest_route=\/wp\/v2\/posts\/16529\/revisions"}],"predecessor-version":[{"id":16531,"href":"https:\/\/wgphoto.pl\/t\/index.php?rest_route=\/wp\/v2\/posts\/16529\/revisions\/16531"}],"wp:featuredmedia":[{"embeddable":true,"href":"https:\/\/wgphoto.pl\/t\/index.php?rest_route=\/wp\/v2\/media\/16530"}],"wp:attachment":[{"href":"https:\/\/wgphoto.pl\/t\/index.php?rest_route=%2Fwp%2Fv2%2Fmedia&parent=16529"}],"wp:term":[{"taxonomy":"category","embeddable":true,"href":"https:\/\/wgphoto.pl\/t\/index.php?rest_route=%2Fwp%2Fv2%2Fcategories&post=16529"},{"taxonomy":"post_tag","embeddable":true,"href":"https:\/\/wgphoto.pl\/t\/index.php?rest_route=%2Fwp%2Fv2%2Ftags&post=16529"}],"curies":[{"name":"wp","href":"https:\/\/api.w.org\/{rel}","templated":true}]}}