{"id":16532,"date":"2025-04-19T16:10:16","date_gmt":"2025-04-19T14:10:16","guid":{"rendered":"https:\/\/wgphoto.pl\/t\/?p=16532"},"modified":"2025-04-19T16:10:16","modified_gmt":"2025-04-19T14:10:16","slug":"o-jeden-tor-za-daleko","status":"publish","type":"post","link":"https:\/\/wgphoto.pl\/t\/?p=16532","title":{"rendered":"O jeden tor za daleko"},"content":{"rendered":"\n<figure class=\"wp-block-image aligncenter size-full\"><img loading=\"lazy\" decoding=\"async\" width=\"1200\" height=\"800\" src=\"https:\/\/wgphoto.pl\/t\/wp-content\/uploads\/2025\/04\/IMGP6649.jpg\" alt=\"\" class=\"wp-image-16534\" srcset=\"https:\/\/wgphoto.pl\/t\/wp-content\/uploads\/2025\/04\/IMGP6649.jpg 1200w, https:\/\/wgphoto.pl\/t\/wp-content\/uploads\/2025\/04\/IMGP6649-300x200.jpg 300w, https:\/\/wgphoto.pl\/t\/wp-content\/uploads\/2025\/04\/IMGP6649-768x512.jpg 768w\" sizes=\"auto, (max-width: 1200px) 100vw, 1200px\" \/><\/figure>\n\n\n\n<div class=\"wp-block-group has-global-padding is-layout-constrained wp-block-group-is-layout-constrained\">\n<p>Par\u0119 kilometr\u00f3w dalej i kilka minut p\u00f3\u017aniej EU07-055 ze &#8222;\u015awiatowidem&#8221; z Przemy\u015bla do Szczecina, znanym z poprzedniego zdj\u0119cia, mija niespiesznie (jeszcze) stacj\u0119 w Mi\u0142oszycach. Lepiej by si\u0119 to komponowa\u0142o z poci\u0105giem jad\u0105cym po bli\u017cszym torze, ale na to nie by\u0142o co liczy\u0107. Dzisiaj te\u017c nie ma, gdy\u017c uk\u0142ad torowy zosta\u0142 nieco odchudzony i poza dwoma torami g\u0142\u00f3wnymi (najdalszymi wzgl\u0119dem zamkni\u0119tej obecnie nastawni) wi\u0119cej szyn tu nie ma. 08.07.2009<\/p>\n<\/div>\n","protected":false},"excerpt":{"rendered":"<p>Par\u0119 kilometr\u00f3w dalej i kilka minut p\u00f3\u017aniej EU07-055 ze &#8222;\u015awiatowidem&#8221; z Przemy\u015bla do Szczecina, znanym z poprzedniego zdj\u0119cia, mija niespiesznie (jeszcze) stacj\u0119 w Mi\u0142oszycach. Lepiej by si\u0119 to komponowa\u0142o z poci\u0105giem jad\u0105cym po bli\u017cszym torze, ale na to nie by\u0142o co liczy\u0107. Dzisiaj te\u017c nie ma, gdy\u017c uk\u0142ad torowy zosta\u0142 nieco odchudzony i poza dwoma [&hellip;]<\/p>\n","protected":false},"author":1,"featured_media":16534,"comment_status":"open","ping_status":"","sticky":false,"template":"","format":"standard","meta":{"footnotes":""},"categories":[2,169],"tags":[2236,122,3113,63,27,2179],"class_list":["post-16532","post","type-post","status-publish","format-standard","has-post-thumbnail","hentry","category-kolej","category-rok-2009","tag-2009-07-08","tag-eu07","tag-jelcz-miloszyce","tag-pkp","tag-polska","tag-tab-pl215"],"_links":{"self":[{"href":"https:\/\/wgphoto.pl\/t\/index.php?rest_route=\/wp\/v2\/posts\/16532","targetHints":{"allow":["GET"]}}],"collection":[{"href":"https:\/\/wgphoto.pl\/t\/index.php?rest_route=\/wp\/v2\/posts"}],"about":[{"href":"https:\/\/wgphoto.pl\/t\/index.php?rest_route=\/wp\/v2\/types\/post"}],"author":[{"embeddable":true,"href":"https:\/\/wgphoto.pl\/t\/index.php?rest_route=\/wp\/v2\/users\/1"}],"replies":[{"embeddable":true,"href":"https:\/\/wgphoto.pl\/t\/index.php?rest_route=%2Fwp%2Fv2%2Fcomments&post=16532"}],"version-history":[{"count":1,"href":"https:\/\/wgphoto.pl\/t\/index.php?rest_route=\/wp\/v2\/posts\/16532\/revisions"}],"predecessor-version":[{"id":16535,"href":"https:\/\/wgphoto.pl\/t\/index.php?rest_route=\/wp\/v2\/posts\/16532\/revisions\/16535"}],"wp:featuredmedia":[{"embeddable":true,"href":"https:\/\/wgphoto.pl\/t\/index.php?rest_route=\/wp\/v2\/media\/16534"}],"wp:attachment":[{"href":"https:\/\/wgphoto.pl\/t\/index.php?rest_route=%2Fwp%2Fv2%2Fmedia&parent=16532"}],"wp:term":[{"taxonomy":"category","embeddable":true,"href":"https:\/\/wgphoto.pl\/t\/index.php?rest_route=%2Fwp%2Fv2%2Fcategories&post=16532"},{"taxonomy":"post_tag","embeddable":true,"href":"https:\/\/wgphoto.pl\/t\/index.php?rest_route=%2Fwp%2Fv2%2Ftags&post=16532"}],"curies":[{"name":"wp","href":"https:\/\/api.w.org\/{rel}","templated":true}]}}