{"id":16536,"date":"2025-04-19T16:11:33","date_gmt":"2025-04-19T14:11:33","guid":{"rendered":"https:\/\/wgphoto.pl\/t\/?p=16536"},"modified":"2025-04-19T16:11:33","modified_gmt":"2025-04-19T14:11:33","slug":"drewniany-wieczor","status":"publish","type":"post","link":"https:\/\/wgphoto.pl\/t\/?p=16536","title":{"rendered":"Drewniany wiecz\u00f3r"},"content":{"rendered":"\n<figure class=\"wp-block-image aligncenter size-full\"><img loading=\"lazy\" decoding=\"async\" width=\"1200\" height=\"800\" src=\"https:\/\/wgphoto.pl\/t\/wp-content\/uploads\/2025\/04\/IMGP4281.jpg\" alt=\"\" class=\"wp-image-16537\" srcset=\"https:\/\/wgphoto.pl\/t\/wp-content\/uploads\/2025\/04\/IMGP4281.jpg 1200w, https:\/\/wgphoto.pl\/t\/wp-content\/uploads\/2025\/04\/IMGP4281-300x200.jpg 300w, https:\/\/wgphoto.pl\/t\/wp-content\/uploads\/2025\/04\/IMGP4281-768x512.jpg 768w\" sizes=\"auto, (max-width: 1200px) 100vw, 1200px\" \/><\/figure>\n\n\n\n<div class=\"wp-block-group has-global-padding is-layout-constrained wp-block-group-is-layout-constrained\">\n<p>Ryga, Slokas iela. S\u0142o\u0144ce ju\u017c zasz\u0142o nad ciemnymi zau\u0142kami Rygi. 30.05.2013<\/p>\n<\/div>\n","protected":false},"excerpt":{"rendered":"<p>Ryga, Slokas iela. S\u0142o\u0144ce ju\u017c zasz\u0142o nad ciemnymi zau\u0142kami Rygi. 30.05.2013<\/p>\n","protected":false},"author":1,"featured_media":16537,"comment_status":"open","ping_status":"","sticky":false,"template":"","format":"standard","meta":{"footnotes":""},"categories":[55,3],"tags":[60,34,91,612,56,57,1011,90],"class_list":["post-16536","post","type-post","status-publish","format-standard","has-post-thumbnail","hentry","category-rok-2013","category-tramwaj","tag-2013-05-30","tag-architektura","tag-blue-hour","tag-druga-majowka-2013","tag-lotwa","tag-ryga","tag-tatra-t3","tag-wieczorem"],"_links":{"self":[{"href":"https:\/\/wgphoto.pl\/t\/index.php?rest_route=\/wp\/v2\/posts\/16536","targetHints":{"allow":["GET"]}}],"collection":[{"href":"https:\/\/wgphoto.pl\/t\/index.php?rest_route=\/wp\/v2\/posts"}],"about":[{"href":"https:\/\/wgphoto.pl\/t\/index.php?rest_route=\/wp\/v2\/types\/post"}],"author":[{"embeddable":true,"href":"https:\/\/wgphoto.pl\/t\/index.php?rest_route=\/wp\/v2\/users\/1"}],"replies":[{"embeddable":true,"href":"https:\/\/wgphoto.pl\/t\/index.php?rest_route=%2Fwp%2Fv2%2Fcomments&post=16536"}],"version-history":[{"count":1,"href":"https:\/\/wgphoto.pl\/t\/index.php?rest_route=\/wp\/v2\/posts\/16536\/revisions"}],"predecessor-version":[{"id":16538,"href":"https:\/\/wgphoto.pl\/t\/index.php?rest_route=\/wp\/v2\/posts\/16536\/revisions\/16538"}],"wp:featuredmedia":[{"embeddable":true,"href":"https:\/\/wgphoto.pl\/t\/index.php?rest_route=\/wp\/v2\/media\/16537"}],"wp:attachment":[{"href":"https:\/\/wgphoto.pl\/t\/index.php?rest_route=%2Fwp%2Fv2%2Fmedia&parent=16536"}],"wp:term":[{"taxonomy":"category","embeddable":true,"href":"https:\/\/wgphoto.pl\/t\/index.php?rest_route=%2Fwp%2Fv2%2Fcategories&post=16536"},{"taxonomy":"post_tag","embeddable":true,"href":"https:\/\/wgphoto.pl\/t\/index.php?rest_route=%2Fwp%2Fv2%2Ftags&post=16536"}],"curies":[{"name":"wp","href":"https:\/\/api.w.org\/{rel}","templated":true}]}}