{"id":16539,"date":"2025-04-19T16:13:11","date_gmt":"2025-04-19T14:13:11","guid":{"rendered":"https:\/\/wgphoto.pl\/t\/?p=16539"},"modified":"2025-04-19T16:13:11","modified_gmt":"2025-04-19T14:13:11","slug":"piekna-helena","status":"publish","type":"post","link":"https:\/\/wgphoto.pl\/t\/?p=16539","title":{"rendered":"Pi\u0119kna Helena"},"content":{"rendered":"\n<figure class=\"wp-block-image aligncenter size-full\"><img loading=\"lazy\" decoding=\"async\" width=\"1200\" height=\"800\" src=\"https:\/\/wgphoto.pl\/t\/wp-content\/uploads\/2025\/04\/IMGP1893.jpg\" alt=\"\" class=\"wp-image-16540\" srcset=\"https:\/\/wgphoto.pl\/t\/wp-content\/uploads\/2025\/04\/IMGP1893.jpg 1200w, https:\/\/wgphoto.pl\/t\/wp-content\/uploads\/2025\/04\/IMGP1893-300x200.jpg 300w, https:\/\/wgphoto.pl\/t\/wp-content\/uploads\/2025\/04\/IMGP1893-768x512.jpg 768w\" sizes=\"auto, (max-width: 1200px) 100vw, 1200px\" \/><\/figure>\n\n\n\n<div class=\"wp-block-group has-global-padding is-layout-constrained wp-block-group-is-layout-constrained\">\n<p>163.034 prowadzi poci\u0105g osobowy z Poznania G\u0142. do Wroc\u0142awia G\u0142. i za 2,8 km osi\u0105gnie stacj\u0119 docelow\u0105. Wroc\u0142aw Miko\u0142aj\u00f3w &#8211; Podg Grabiszyn, 15.02.2013<\/p>\n<\/div>\n","protected":false},"excerpt":{"rendered":"<p>163.034 prowadzi poci\u0105g osobowy z Poznania G\u0142. do Wroc\u0142awia G\u0142. i za 2,8 km osi\u0105gnie stacj\u0119 docelow\u0105. Wroc\u0142aw Miko\u0142aj\u00f3w &#8211; Podg Grabiszyn, 15.02.2013<\/p>\n","protected":false},"author":1,"featured_media":16540,"comment_status":"open","ping_status":"","sticky":false,"template":"","format":"standard","meta":{"footnotes":""},"categories":[2,55],"tags":[1401,3720,283,50,249,1544,27,1502,44,190,41],"class_list":["post-16539","post","type-post","status-publish","format-standard","has-post-thumbnail","hentry","category-kolej","category-rok-2013","tag-1401","tag-2013-02-15","tag-bdhpmnu","tag-cd","tag-goscinne-wystepy","tag-podg-grabiszyn","tag-polska","tag-przewozy-regionalne","tag-snieg","tag-tab-pl330","tag-wroclaw"],"_links":{"self":[{"href":"https:\/\/wgphoto.pl\/t\/index.php?rest_route=\/wp\/v2\/posts\/16539","targetHints":{"allow":["GET"]}}],"collection":[{"href":"https:\/\/wgphoto.pl\/t\/index.php?rest_route=\/wp\/v2\/posts"}],"about":[{"href":"https:\/\/wgphoto.pl\/t\/index.php?rest_route=\/wp\/v2\/types\/post"}],"author":[{"embeddable":true,"href":"https:\/\/wgphoto.pl\/t\/index.php?rest_route=\/wp\/v2\/users\/1"}],"replies":[{"embeddable":true,"href":"https:\/\/wgphoto.pl\/t\/index.php?rest_route=%2Fwp%2Fv2%2Fcomments&post=16539"}],"version-history":[{"count":1,"href":"https:\/\/wgphoto.pl\/t\/index.php?rest_route=\/wp\/v2\/posts\/16539\/revisions"}],"predecessor-version":[{"id":16541,"href":"https:\/\/wgphoto.pl\/t\/index.php?rest_route=\/wp\/v2\/posts\/16539\/revisions\/16541"}],"wp:featuredmedia":[{"embeddable":true,"href":"https:\/\/wgphoto.pl\/t\/index.php?rest_route=\/wp\/v2\/media\/16540"}],"wp:attachment":[{"href":"https:\/\/wgphoto.pl\/t\/index.php?rest_route=%2Fwp%2Fv2%2Fmedia&parent=16539"}],"wp:term":[{"taxonomy":"category","embeddable":true,"href":"https:\/\/wgphoto.pl\/t\/index.php?rest_route=%2Fwp%2Fv2%2Fcategories&post=16539"},{"taxonomy":"post_tag","embeddable":true,"href":"https:\/\/wgphoto.pl\/t\/index.php?rest_route=%2Fwp%2Fv2%2Ftags&post=16539"}],"curies":[{"name":"wp","href":"https:\/\/api.w.org\/{rel}","templated":true}]}}