{"id":16542,"date":"2025-04-19T16:14:33","date_gmt":"2025-04-19T14:14:33","guid":{"rendered":"https:\/\/wgphoto.pl\/t\/?p=16542"},"modified":"2025-04-19T16:14:33","modified_gmt":"2025-04-19T14:14:33","slug":"zakaz-postoju","status":"publish","type":"post","link":"https:\/\/wgphoto.pl\/t\/?p=16542","title":{"rendered":"Zakaz postoju"},"content":{"rendered":"\n<figure class=\"wp-block-image aligncenter size-full\"><img loading=\"lazy\" decoding=\"async\" width=\"1200\" height=\"803\" src=\"https:\/\/wgphoto.pl\/t\/wp-content\/uploads\/2025\/04\/IMGP9229.jpg\" alt=\"\" class=\"wp-image-16543\" srcset=\"https:\/\/wgphoto.pl\/t\/wp-content\/uploads\/2025\/04\/IMGP9229.jpg 1200w, https:\/\/wgphoto.pl\/t\/wp-content\/uploads\/2025\/04\/IMGP9229-300x201.jpg 300w, https:\/\/wgphoto.pl\/t\/wp-content\/uploads\/2025\/04\/IMGP9229-768x514.jpg 768w\" sizes=\"auto, (max-width: 1200px) 100vw, 1200px\" \/><\/figure>\n\n\n\n<div class=\"wp-block-group has-global-padding is-layout-constrained wp-block-group-is-layout-constrained\">\n<p>W \u010ceskej T\u0159ebovej zawsze du\u017co si\u0119 dzieje w zwi\u0105zku z wielko\u015bci\u0105 stacji, mnogo\u015bci\u0105 poci\u0105g\u00f3w i licznymi manewrami. Tutaj akurat uda\u0142o si\u0119 z\u0142apa\u0107 dwa perszingi w zanikaj\u0105cym zielono-\u017c\u00f3\u0142tym malowaniu. Dopiero na zdj\u0119ciu zwr\u00f3ci\u0142em uwag\u0119 na znaki &#8222;zakazu postoju&#8221; przy s\u0142u\u017cbowych przej\u015bciach przez tory. 24.01.2011<\/p>\n<\/div>\n","protected":false},"excerpt":{"rendered":"<p>W \u010ceskej T\u0159ebovej zawsze du\u017co si\u0119 dzieje w zwi\u0105zku z wielko\u015bci\u0105 stacji, mnogo\u015bci\u0105 poci\u0105g\u00f3w i licznymi manewrami. Tutaj akurat uda\u0142o si\u0119 z\u0142apa\u0107 dwa perszingi w zanikaj\u0105cym zielono-\u017c\u00f3\u0142tym malowaniu. Dopiero na zdj\u0119ciu zwr\u00f3ci\u0142em uwag\u0119 na znaki &#8222;zakazu postoju&#8221; przy s\u0142u\u017cbowych przej\u015bciach przez tory. 24.01.2011<\/p>\n","protected":false},"author":1,"featured_media":16543,"comment_status":"open","ping_status":"","sticky":false,"template":"","format":"standard","meta":{"footnotes":""},"categories":[2,77],"tags":[1401,2972,50,1363,49,24,44],"class_list":["post-16542","post","type-post","status-publish","format-standard","has-post-thumbnail","hentry","category-kolej","category-rok-2011","tag-1401","tag-2011-01-24","tag-cd","tag-ceska-trebova","tag-czechy","tag-perony","tag-snieg"],"_links":{"self":[{"href":"https:\/\/wgphoto.pl\/t\/index.php?rest_route=\/wp\/v2\/posts\/16542","targetHints":{"allow":["GET"]}}],"collection":[{"href":"https:\/\/wgphoto.pl\/t\/index.php?rest_route=\/wp\/v2\/posts"}],"about":[{"href":"https:\/\/wgphoto.pl\/t\/index.php?rest_route=\/wp\/v2\/types\/post"}],"author":[{"embeddable":true,"href":"https:\/\/wgphoto.pl\/t\/index.php?rest_route=\/wp\/v2\/users\/1"}],"replies":[{"embeddable":true,"href":"https:\/\/wgphoto.pl\/t\/index.php?rest_route=%2Fwp%2Fv2%2Fcomments&post=16542"}],"version-history":[{"count":1,"href":"https:\/\/wgphoto.pl\/t\/index.php?rest_route=\/wp\/v2\/posts\/16542\/revisions"}],"predecessor-version":[{"id":16544,"href":"https:\/\/wgphoto.pl\/t\/index.php?rest_route=\/wp\/v2\/posts\/16542\/revisions\/16544"}],"wp:featuredmedia":[{"embeddable":true,"href":"https:\/\/wgphoto.pl\/t\/index.php?rest_route=\/wp\/v2\/media\/16543"}],"wp:attachment":[{"href":"https:\/\/wgphoto.pl\/t\/index.php?rest_route=%2Fwp%2Fv2%2Fmedia&parent=16542"}],"wp:term":[{"taxonomy":"category","embeddable":true,"href":"https:\/\/wgphoto.pl\/t\/index.php?rest_route=%2Fwp%2Fv2%2Fcategories&post=16542"},{"taxonomy":"post_tag","embeddable":true,"href":"https:\/\/wgphoto.pl\/t\/index.php?rest_route=%2Fwp%2Fv2%2Ftags&post=16542"}],"curies":[{"name":"wp","href":"https:\/\/api.w.org\/{rel}","templated":true}]}}