{"id":16545,"date":"2025-04-19T16:15:42","date_gmt":"2025-04-19T14:15:42","guid":{"rendered":"https:\/\/wgphoto.pl\/t\/?p=16545"},"modified":"2025-04-19T16:15:42","modified_gmt":"2025-04-19T14:15:42","slug":"pos-odgal","status":"publish","type":"post","link":"https:\/\/wgphoto.pl\/t\/?p=16545","title":{"rendered":"Pos odga\u0142."},"content":{"rendered":"\n<figure class=\"wp-block-image aligncenter size-full\"><img loading=\"lazy\" decoding=\"async\" width=\"1200\" height=\"803\" src=\"https:\/\/wgphoto.pl\/t\/wp-content\/uploads\/2025\/04\/IMGP9041.jpg\" alt=\"\" class=\"wp-image-16546\" srcset=\"https:\/\/wgphoto.pl\/t\/wp-content\/uploads\/2025\/04\/IMGP9041.jpg 1200w, https:\/\/wgphoto.pl\/t\/wp-content\/uploads\/2025\/04\/IMGP9041-300x201.jpg 300w, https:\/\/wgphoto.pl\/t\/wp-content\/uploads\/2025\/04\/IMGP9041-768x514.jpg 768w\" sizes=\"auto, (max-width: 1200px) 100vw, 1200px\" \/><\/figure>\n\n\n\n<div class=\"wp-block-group has-global-padding is-layout-constrained wp-block-group-is-layout-constrained\">\n<p>Wanda z mi\u0119dzynarodowym poci\u0105giem osobowym 69321 z Pardubic do K\u0142odzka mija zabudowania posterunku odga\u0142\u0119\u017anego K\u0142odzko Nowe. Tor linii ze Stronia \u015al. zajmuje SA135, kt\u00f3ry za par\u0119 minut rozpocznie kurs do Wa\u0142brzycha, natmiast na prawo odchodzi tor do Kudowy-Zdroju. A na samym posterunku zawsze podoba\u0142 mi si\u0119 ten napis.<br>31.12.2010<\/p>\n<\/div>\n","protected":false},"excerpt":{"rendered":"<p>Wanda z mi\u0119dzynarodowym poci\u0105giem osobowym 69321 z Pardubic do K\u0142odzka mija zabudowania posterunku odga\u0142\u0119\u017anego K\u0142odzko Nowe. Tor linii ze Stronia \u015al. zajmuje SA135, kt\u00f3ry za par\u0119 minut rozpocznie kurs do Wa\u0142brzycha, natmiast na prawo odchodzi tor do Kudowy-Zdroju. A na samym posterunku zawsze podoba\u0142 mi si\u0119 ten napis.31.12.2010<\/p>\n","protected":false},"author":1,"featured_media":16546,"comment_status":"open","ping_status":"","sticky":false,"template":"","format":"standard","meta":{"footnotes":""},"categories":[2,86],"tags":[1401,3652,50,249,3559,27,383],"class_list":["post-16545","post","type-post","status-publish","format-standard","has-post-thumbnail","hentry","category-kolej","category-rok-2010","tag-1401","tag-2010-12-31","tag-cd","tag-goscinne-wystepy","tag-klodzko-nowe","tag-polska","tag-tab-pl230"],"_links":{"self":[{"href":"https:\/\/wgphoto.pl\/t\/index.php?rest_route=\/wp\/v2\/posts\/16545","targetHints":{"allow":["GET"]}}],"collection":[{"href":"https:\/\/wgphoto.pl\/t\/index.php?rest_route=\/wp\/v2\/posts"}],"about":[{"href":"https:\/\/wgphoto.pl\/t\/index.php?rest_route=\/wp\/v2\/types\/post"}],"author":[{"embeddable":true,"href":"https:\/\/wgphoto.pl\/t\/index.php?rest_route=\/wp\/v2\/users\/1"}],"replies":[{"embeddable":true,"href":"https:\/\/wgphoto.pl\/t\/index.php?rest_route=%2Fwp%2Fv2%2Fcomments&post=16545"}],"version-history":[{"count":1,"href":"https:\/\/wgphoto.pl\/t\/index.php?rest_route=\/wp\/v2\/posts\/16545\/revisions"}],"predecessor-version":[{"id":16547,"href":"https:\/\/wgphoto.pl\/t\/index.php?rest_route=\/wp\/v2\/posts\/16545\/revisions\/16547"}],"wp:featuredmedia":[{"embeddable":true,"href":"https:\/\/wgphoto.pl\/t\/index.php?rest_route=\/wp\/v2\/media\/16546"}],"wp:attachment":[{"href":"https:\/\/wgphoto.pl\/t\/index.php?rest_route=%2Fwp%2Fv2%2Fmedia&parent=16545"}],"wp:term":[{"taxonomy":"category","embeddable":true,"href":"https:\/\/wgphoto.pl\/t\/index.php?rest_route=%2Fwp%2Fv2%2Fcategories&post=16545"},{"taxonomy":"post_tag","embeddable":true,"href":"https:\/\/wgphoto.pl\/t\/index.php?rest_route=%2Fwp%2Fv2%2Ftags&post=16545"}],"curies":[{"name":"wp","href":"https:\/\/api.w.org\/{rel}","templated":true}]}}