{"id":16569,"date":"2025-04-19T16:23:08","date_gmt":"2025-04-19T14:23:08","guid":{"rendered":"https:\/\/wgphoto.pl\/t\/?p=16569"},"modified":"2025-04-19T16:23:08","modified_gmt":"2025-04-19T14:23:08","slug":"negatyw","status":"publish","type":"post","link":"https:\/\/wgphoto.pl\/t\/?p=16569","title":{"rendered":"Negatyw"},"content":{"rendered":"\n<figure class=\"wp-block-image aligncenter size-full\"><img loading=\"lazy\" decoding=\"async\" width=\"1200\" height=\"800\" src=\"https:\/\/wgphoto.pl\/t\/wp-content\/uploads\/2025\/04\/0724-31a.jpg\" alt=\"\" class=\"wp-image-16570\" srcset=\"https:\/\/wgphoto.pl\/t\/wp-content\/uploads\/2025\/04\/0724-31a.jpg 1200w, https:\/\/wgphoto.pl\/t\/wp-content\/uploads\/2025\/04\/0724-31a-300x200.jpg 300w, https:\/\/wgphoto.pl\/t\/wp-content\/uploads\/2025\/04\/0724-31a-768x512.jpg 768w\" sizes=\"auto, (max-width: 1200px) 100vw, 1200px\" \/><\/figure>\n\n\n\n<div class=\"wp-block-group has-global-padding is-layout-constrained wp-block-group-is-layout-constrained\">\n<p>SU42-519 z poci\u0105giem pospiesznym 46501 relacji Lublin\/Przemy\u015bl &#8211; Jelenia G\u00f3ra wje\u017cd\u017ca do Nowej Rudy, mijaj\u0105c jedn\u0105 z osobliwo\u015bci tutejszej stacji &#8211; &#8222;negatywowy&#8221; semafor kszta\u0142towy. 25.08.2007<\/p>\n<\/div>\n","protected":false},"excerpt":{"rendered":"<p>SU42-519 z poci\u0105giem pospiesznym 46501 relacji Lublin\/Przemy\u015bl &#8211; Jelenia G\u00f3ra wje\u017cd\u017ca do Nowej Rudy, mijaj\u0105c jedn\u0105 z osobliwo\u015bci tutejszej stacji &#8211; &#8222;negatywowy&#8221; semafor kszta\u0142towy. 25.08.2007<\/p>\n","protected":false},"author":1,"featured_media":16570,"comment_status":"open","ping_status":"","sticky":false,"template":"","format":"standard","meta":{"footnotes":""},"categories":[62,2,96],"tags":[3723,464,63,27,905,250,53,391],"class_list":["post-16569","post","type-post","status-publish","format-standard","has-post-thumbnail","hentry","category-analog","category-kolej","category-rok-2007","tag-2007-08-25","tag-nowa-ruda","tag-pkp","tag-polska","tag-przez","tag-su42","tag-sygnalizacja-ksztaltowa","tag-tab-pl245"],"_links":{"self":[{"href":"https:\/\/wgphoto.pl\/t\/index.php?rest_route=\/wp\/v2\/posts\/16569","targetHints":{"allow":["GET"]}}],"collection":[{"href":"https:\/\/wgphoto.pl\/t\/index.php?rest_route=\/wp\/v2\/posts"}],"about":[{"href":"https:\/\/wgphoto.pl\/t\/index.php?rest_route=\/wp\/v2\/types\/post"}],"author":[{"embeddable":true,"href":"https:\/\/wgphoto.pl\/t\/index.php?rest_route=\/wp\/v2\/users\/1"}],"replies":[{"embeddable":true,"href":"https:\/\/wgphoto.pl\/t\/index.php?rest_route=%2Fwp%2Fv2%2Fcomments&post=16569"}],"version-history":[{"count":1,"href":"https:\/\/wgphoto.pl\/t\/index.php?rest_route=\/wp\/v2\/posts\/16569\/revisions"}],"predecessor-version":[{"id":16571,"href":"https:\/\/wgphoto.pl\/t\/index.php?rest_route=\/wp\/v2\/posts\/16569\/revisions\/16571"}],"wp:featuredmedia":[{"embeddable":true,"href":"https:\/\/wgphoto.pl\/t\/index.php?rest_route=\/wp\/v2\/media\/16570"}],"wp:attachment":[{"href":"https:\/\/wgphoto.pl\/t\/index.php?rest_route=%2Fwp%2Fv2%2Fmedia&parent=16569"}],"wp:term":[{"taxonomy":"category","embeddable":true,"href":"https:\/\/wgphoto.pl\/t\/index.php?rest_route=%2Fwp%2Fv2%2Fcategories&post=16569"},{"taxonomy":"post_tag","embeddable":true,"href":"https:\/\/wgphoto.pl\/t\/index.php?rest_route=%2Fwp%2Fv2%2Ftags&post=16569"}],"curies":[{"name":"wp","href":"https:\/\/api.w.org\/{rel}","templated":true}]}}