{"id":16572,"date":"2025-04-19T16:23:55","date_gmt":"2025-04-19T14:23:55","guid":{"rendered":"https:\/\/wgphoto.pl\/t\/?p=16572"},"modified":"2025-04-19T16:24:31","modified_gmt":"2025-04-19T14:24:31","slug":"pozor-vlak-2","status":"publish","type":"post","link":"https:\/\/wgphoto.pl\/t\/?p=16572","title":{"rendered":"Pozor vlak"},"content":{"rendered":"\n<figure class=\"wp-block-image aligncenter size-full\"><img loading=\"lazy\" decoding=\"async\" width=\"1200\" height=\"803\" src=\"https:\/\/wgphoto.pl\/t\/wp-content\/uploads\/2025\/04\/IMGP0129.jpg\" alt=\"\" class=\"wp-image-16573\" srcset=\"https:\/\/wgphoto.pl\/t\/wp-content\/uploads\/2025\/04\/IMGP0129.jpg 1200w, https:\/\/wgphoto.pl\/t\/wp-content\/uploads\/2025\/04\/IMGP0129-300x201.jpg 300w, https:\/\/wgphoto.pl\/t\/wp-content\/uploads\/2025\/04\/IMGP0129-768x514.jpg 768w\" sizes=\"auto, (max-width: 1200px) 100vw, 1200px\" \/><\/figure>\n\n\n\n<div class=\"wp-block-group has-global-padding is-layout-constrained wp-block-group-is-layout-constrained\">\n<p>To uj\u0119cie nie by\u0142o planowane. Powsta\u0142o, bo nie zd\u0105\u017cy\u0142em si\u0119 ustawi\u0107. \ud83d\ude42 12.04.2011<\/p>\n<\/div>\n","protected":false},"excerpt":{"rendered":"<p>To uj\u0119cie nie by\u0142o planowane. Powsta\u0142o, bo nie zd\u0105\u017cy\u0142em si\u0119 ustawi\u0107. \ud83d\ude42 12.04.2011<\/p>\n","protected":false},"author":1,"featured_media":16573,"comment_status":"open","ping_status":"","sticky":false,"template":"","format":"standard","meta":{"footnotes":""},"categories":[220,2,77],"tags":[93,335,2062,50,49,2060,2061],"class_list":["post-16572","post","type-post","status-publish","format-standard","has-post-thumbnail","hentry","category-blo","category-kolej","category-rok-2011","tag-2011-04-12","tag-335","tag-blizejov","tag-cd","tag-czechy","tag-milavce","tag-tab-cz180"],"_links":{"self":[{"href":"https:\/\/wgphoto.pl\/t\/index.php?rest_route=\/wp\/v2\/posts\/16572","targetHints":{"allow":["GET"]}}],"collection":[{"href":"https:\/\/wgphoto.pl\/t\/index.php?rest_route=\/wp\/v2\/posts"}],"about":[{"href":"https:\/\/wgphoto.pl\/t\/index.php?rest_route=\/wp\/v2\/types\/post"}],"author":[{"embeddable":true,"href":"https:\/\/wgphoto.pl\/t\/index.php?rest_route=\/wp\/v2\/users\/1"}],"replies":[{"embeddable":true,"href":"https:\/\/wgphoto.pl\/t\/index.php?rest_route=%2Fwp%2Fv2%2Fcomments&post=16572"}],"version-history":[{"count":1,"href":"https:\/\/wgphoto.pl\/t\/index.php?rest_route=\/wp\/v2\/posts\/16572\/revisions"}],"predecessor-version":[{"id":16574,"href":"https:\/\/wgphoto.pl\/t\/index.php?rest_route=\/wp\/v2\/posts\/16572\/revisions\/16574"}],"wp:featuredmedia":[{"embeddable":true,"href":"https:\/\/wgphoto.pl\/t\/index.php?rest_route=\/wp\/v2\/media\/16573"}],"wp:attachment":[{"href":"https:\/\/wgphoto.pl\/t\/index.php?rest_route=%2Fwp%2Fv2%2Fmedia&parent=16572"}],"wp:term":[{"taxonomy":"category","embeddable":true,"href":"https:\/\/wgphoto.pl\/t\/index.php?rest_route=%2Fwp%2Fv2%2Fcategories&post=16572"},{"taxonomy":"post_tag","embeddable":true,"href":"https:\/\/wgphoto.pl\/t\/index.php?rest_route=%2Fwp%2Fv2%2Ftags&post=16572"}],"curies":[{"name":"wp","href":"https:\/\/api.w.org\/{rel}","templated":true}]}}