{"id":16616,"date":"2025-05-01T11:58:22","date_gmt":"2025-05-01T09:58:22","guid":{"rendered":"https:\/\/wgphoto.pl\/t\/?p=16616"},"modified":"2025-05-01T11:58:22","modified_gmt":"2025-05-01T09:58:22","slug":"troche-nie-wyszlo","status":"publish","type":"post","link":"https:\/\/wgphoto.pl\/t\/?p=16616","title":{"rendered":"Troch\u0119 nie wysz\u0142o"},"content":{"rendered":"\n<figure class=\"wp-block-image aligncenter size-full\"><img loading=\"lazy\" decoding=\"async\" width=\"1400\" height=\"927\" src=\"https:\/\/wgphoto.pl\/t\/wp-content\/uploads\/2025\/05\/0610-29_rsn.jpg\" alt=\"\" class=\"wp-image-16617\" srcset=\"https:\/\/wgphoto.pl\/t\/wp-content\/uploads\/2025\/05\/0610-29_rsn.jpg 1400w, https:\/\/wgphoto.pl\/t\/wp-content\/uploads\/2025\/05\/0610-29_rsn-300x199.jpg 300w, https:\/\/wgphoto.pl\/t\/wp-content\/uploads\/2025\/05\/0610-29_rsn-768x509.jpg 768w\" sizes=\"auto, (max-width: 1400px) 100vw, 1400px\" \/><\/figure>\n\n\n\n<div class=\"wp-block-group has-global-padding is-layout-constrained wp-block-group-is-layout-constrained\">\n<p>EN71-043 jako poci\u0105g osobowy 220 z Jeleniej G\u00f3ry do Wroc\u0142awia mija most nad Bobrem na wyje\u017adzie z Marciszowa. Nie wiem co mnie wzi\u0119\u0142o na \u0142apanie poci\u0105gu w zbyt ma\u0142ej luce w kracie, rzecz jasna bez trybu seryjnego. \ud83d\ude09 24.06.2006<\/p>\n<\/div>\n","protected":false},"excerpt":{"rendered":"<p>EN71-043 jako poci\u0105g osobowy 220 z Jeleniej G\u00f3ry do Wroc\u0142awia mija most nad Bobrem na wyje\u017adzie z Marciszowa. Nie wiem co mnie wzi\u0119\u0142o na \u0142apanie poci\u0105gu w zbyt ma\u0142ej luce w kracie, rzecz jasna bez trybu seryjnego. \ud83d\ude09 24.06.2006<\/p>\n","protected":false},"author":1,"featured_media":16617,"comment_status":"open","ping_status":"","sticky":false,"template":"","format":"standard","meta":{"footnotes":""},"categories":[62,2,130],"tags":[2785,132,83,45,63,27,200],"class_list":["post-16616","post","type-post","status-publish","format-standard","has-post-thumbnail","hentry","category-analog","category-kolej","category-rok-2006","tag-2006-06-24","tag-en57","tag-marciszow","tag-most","tag-pkp","tag-polska","tag-tab-pl240"],"_links":{"self":[{"href":"https:\/\/wgphoto.pl\/t\/index.php?rest_route=\/wp\/v2\/posts\/16616","targetHints":{"allow":["GET"]}}],"collection":[{"href":"https:\/\/wgphoto.pl\/t\/index.php?rest_route=\/wp\/v2\/posts"}],"about":[{"href":"https:\/\/wgphoto.pl\/t\/index.php?rest_route=\/wp\/v2\/types\/post"}],"author":[{"embeddable":true,"href":"https:\/\/wgphoto.pl\/t\/index.php?rest_route=\/wp\/v2\/users\/1"}],"replies":[{"embeddable":true,"href":"https:\/\/wgphoto.pl\/t\/index.php?rest_route=%2Fwp%2Fv2%2Fcomments&post=16616"}],"version-history":[{"count":1,"href":"https:\/\/wgphoto.pl\/t\/index.php?rest_route=\/wp\/v2\/posts\/16616\/revisions"}],"predecessor-version":[{"id":16618,"href":"https:\/\/wgphoto.pl\/t\/index.php?rest_route=\/wp\/v2\/posts\/16616\/revisions\/16618"}],"wp:featuredmedia":[{"embeddable":true,"href":"https:\/\/wgphoto.pl\/t\/index.php?rest_route=\/wp\/v2\/media\/16617"}],"wp:attachment":[{"href":"https:\/\/wgphoto.pl\/t\/index.php?rest_route=%2Fwp%2Fv2%2Fmedia&parent=16616"}],"wp:term":[{"taxonomy":"category","embeddable":true,"href":"https:\/\/wgphoto.pl\/t\/index.php?rest_route=%2Fwp%2Fv2%2Fcategories&post=16616"},{"taxonomy":"post_tag","embeddable":true,"href":"https:\/\/wgphoto.pl\/t\/index.php?rest_route=%2Fwp%2Fv2%2Ftags&post=16616"}],"curies":[{"name":"wp","href":"https:\/\/api.w.org\/{rel}","templated":true}]}}