{"id":16622,"date":"2025-05-01T12:02:54","date_gmt":"2025-05-01T10:02:54","guid":{"rendered":"https:\/\/wgphoto.pl\/t\/?p=16622"},"modified":"2025-05-01T12:04:00","modified_gmt":"2025-05-01T10:04:00","slug":"tylko-w-niedziele","status":"publish","type":"post","link":"https:\/\/wgphoto.pl\/t\/?p=16622","title":{"rendered":"Tylko w niedziele"},"content":{"rendered":"\n<figure class=\"wp-block-image aligncenter size-full\"><img loading=\"lazy\" decoding=\"async\" width=\"1400\" height=\"927\" src=\"https:\/\/wgphoto.pl\/t\/wp-content\/uploads\/2025\/05\/IMGP6296.jpg\" alt=\"\" class=\"wp-image-16623\" srcset=\"https:\/\/wgphoto.pl\/t\/wp-content\/uploads\/2025\/05\/IMGP6296.jpg 1400w, https:\/\/wgphoto.pl\/t\/wp-content\/uploads\/2025\/05\/IMGP6296-300x199.jpg 300w, https:\/\/wgphoto.pl\/t\/wp-content\/uploads\/2025\/05\/IMGP6296-768x509.jpg 768w\" sizes=\"auto, (max-width: 1400px) 100vw, 1400px\" \/><\/figure>\n\n\n\n<div class=\"wp-block-group has-global-padding is-layout-constrained wp-block-group-is-layout-constrained\">\n<p>350.016 z poci\u0105giem Ex 17630 &#8222;\u0160ari\u0161an&#8221; relacji Pre\u0161ov &#8211; Bratislava hl.st. p\u0119dzi szlakiem Poprad-Tatry &#8211; Svit. Po\u0142\u0105czenie realizowane jest tylko w niedziele, w pozosta\u0142e dni z wojew\u00f3dzkiego, lecz le\u017c\u0105cego nieco na uboczu sieci kolejowej Preszowa, mo\u017cna si\u0119 dosta\u0107 do stolicy z przesiadk\u0105 z poci\u0105g\u00f3w osobowych w Kysaku &#8211; to co\u015b jak dojazd do Gorzowa Wlkp. przez Krzy\u017c, z tym \u017ce kto by u nas pu\u015bci\u0142 10-wagonowy ekspres z Gorzowa. \ud83d\ude42 01.05.2024<\/p>\n<\/div>\n","protected":false},"excerpt":{"rendered":"<p>350.016 z poci\u0105giem Ex 17630 &#8222;\u0160ari\u0161an&#8221; relacji Pre\u0161ov &#8211; Bratislava hl.st. p\u0119dzi szlakiem Poprad-Tatry &#8211; Svit. Po\u0142\u0105czenie realizowane jest tylko w niedziele, w pozosta\u0142e dni z wojew\u00f3dzkiego, lecz le\u017c\u0105cego nieco na uboczu sieci kolejowej Preszowa, mo\u017cna si\u0119 dosta\u0107 do stolicy z przesiadk\u0105 z poci\u0105g\u00f3w osobowych w Kysaku &#8211; to co\u015b jak dojazd do Gorzowa Wlkp. [&hellip;]<\/p>\n","protected":false},"author":1,"featured_media":16623,"comment_status":"open","ping_status":"","sticky":false,"template":"","format":"standard","meta":{"footnotes":""},"categories":[2,5],"tags":[1296,1705,759,1655,675,3736,469],"class_list":["post-16622","post","type-post","status-publish","format-standard","has-post-thumbnail","hentry","category-kolej","category-2024r","tag-2024-05-01","tag-1705","tag-majowka-2024","tag-poprad-tatry","tag-slowacja","tag-svit","tag-zssk"],"_links":{"self":[{"href":"https:\/\/wgphoto.pl\/t\/index.php?rest_route=\/wp\/v2\/posts\/16622","targetHints":{"allow":["GET"]}}],"collection":[{"href":"https:\/\/wgphoto.pl\/t\/index.php?rest_route=\/wp\/v2\/posts"}],"about":[{"href":"https:\/\/wgphoto.pl\/t\/index.php?rest_route=\/wp\/v2\/types\/post"}],"author":[{"embeddable":true,"href":"https:\/\/wgphoto.pl\/t\/index.php?rest_route=\/wp\/v2\/users\/1"}],"replies":[{"embeddable":true,"href":"https:\/\/wgphoto.pl\/t\/index.php?rest_route=%2Fwp%2Fv2%2Fcomments&post=16622"}],"version-history":[{"count":2,"href":"https:\/\/wgphoto.pl\/t\/index.php?rest_route=\/wp\/v2\/posts\/16622\/revisions"}],"predecessor-version":[{"id":16625,"href":"https:\/\/wgphoto.pl\/t\/index.php?rest_route=\/wp\/v2\/posts\/16622\/revisions\/16625"}],"wp:featuredmedia":[{"embeddable":true,"href":"https:\/\/wgphoto.pl\/t\/index.php?rest_route=\/wp\/v2\/media\/16623"}],"wp:attachment":[{"href":"https:\/\/wgphoto.pl\/t\/index.php?rest_route=%2Fwp%2Fv2%2Fmedia&parent=16622"}],"wp:term":[{"taxonomy":"category","embeddable":true,"href":"https:\/\/wgphoto.pl\/t\/index.php?rest_route=%2Fwp%2Fv2%2Fcategories&post=16622"},{"taxonomy":"post_tag","embeddable":true,"href":"https:\/\/wgphoto.pl\/t\/index.php?rest_route=%2Fwp%2Fv2%2Ftags&post=16622"}],"curies":[{"name":"wp","href":"https:\/\/api.w.org\/{rel}","templated":true}]}}