{"id":16641,"date":"2025-05-03T14:25:20","date_gmt":"2025-05-03T12:25:20","guid":{"rendered":"https:\/\/wgphoto.pl\/t\/?p=16641"},"modified":"2025-05-03T14:25:20","modified_gmt":"2025-05-03T12:25:20","slug":"goscie-z-niemiec","status":"publish","type":"post","link":"https:\/\/wgphoto.pl\/t\/?p=16641","title":{"rendered":"Go\u015bcie z Niemiec"},"content":{"rendered":"\n<figure class=\"wp-block-image aligncenter size-full\"><img loading=\"lazy\" decoding=\"async\" width=\"1400\" height=\"927\" src=\"https:\/\/wgphoto.pl\/t\/wp-content\/uploads\/2025\/05\/0313-31_rsn.jpg\" alt=\"\" class=\"wp-image-16642\" srcset=\"https:\/\/wgphoto.pl\/t\/wp-content\/uploads\/2025\/05\/0313-31_rsn.jpg 1400w, https:\/\/wgphoto.pl\/t\/wp-content\/uploads\/2025\/05\/0313-31_rsn-300x199.jpg 300w, https:\/\/wgphoto.pl\/t\/wp-content\/uploads\/2025\/05\/0313-31_rsn-768x509.jpg 768w\" sizes=\"auto, (max-width: 1400px) 100vw, 1400px\" \/><\/figure>\n\n\n\n<div class=\"wp-block-group has-global-padding is-layout-constrained wp-block-group-is-layout-constrained\">\n<p>52.8177 na czele &#8222;parowozowego poci\u0105gu&#8221; pod nastawni\u0105 wykonawcz\u0105 WL1. Z ty\u0142u znalaz\u0142y si\u0119 maszyny 35.1019, Ol49-69, Pm36-2 i inne. Wolsztyn, 03.05.2003<\/p>\n<\/div>\n","protected":false},"excerpt":{"rendered":"<p>52.8177 na czele &#8222;parowozowego poci\u0105gu&#8221; pod nastawni\u0105 wykonawcz\u0105 WL1. Z ty\u0142u znalaz\u0142y si\u0119 maszyny 35.1019, Ol49-69, Pm36-2 i inne. Wolsztyn, 03.05.2003<\/p>\n","protected":false},"author":1,"featured_media":16642,"comment_status":"open","ping_status":"","sticky":false,"template":"","format":"standard","meta":{"footnotes":""},"categories":[62,2,149],"tags":[3738,206,358,27,53,3580],"class_list":["post-16641","post","type-post","status-publish","format-standard","has-post-thumbnail","hentry","category-analog","category-kolej","category-rok-2003","tag-2003-05-03","tag-db","tag-parowoz","tag-polska","tag-sygnalizacja-ksztaltowa","tag-wolsztyn"],"_links":{"self":[{"href":"https:\/\/wgphoto.pl\/t\/index.php?rest_route=\/wp\/v2\/posts\/16641","targetHints":{"allow":["GET"]}}],"collection":[{"href":"https:\/\/wgphoto.pl\/t\/index.php?rest_route=\/wp\/v2\/posts"}],"about":[{"href":"https:\/\/wgphoto.pl\/t\/index.php?rest_route=\/wp\/v2\/types\/post"}],"author":[{"embeddable":true,"href":"https:\/\/wgphoto.pl\/t\/index.php?rest_route=\/wp\/v2\/users\/1"}],"replies":[{"embeddable":true,"href":"https:\/\/wgphoto.pl\/t\/index.php?rest_route=%2Fwp%2Fv2%2Fcomments&post=16641"}],"version-history":[{"count":1,"href":"https:\/\/wgphoto.pl\/t\/index.php?rest_route=\/wp\/v2\/posts\/16641\/revisions"}],"predecessor-version":[{"id":16643,"href":"https:\/\/wgphoto.pl\/t\/index.php?rest_route=\/wp\/v2\/posts\/16641\/revisions\/16643"}],"wp:featuredmedia":[{"embeddable":true,"href":"https:\/\/wgphoto.pl\/t\/index.php?rest_route=\/wp\/v2\/media\/16642"}],"wp:attachment":[{"href":"https:\/\/wgphoto.pl\/t\/index.php?rest_route=%2Fwp%2Fv2%2Fmedia&parent=16641"}],"wp:term":[{"taxonomy":"category","embeddable":true,"href":"https:\/\/wgphoto.pl\/t\/index.php?rest_route=%2Fwp%2Fv2%2Fcategories&post=16641"},{"taxonomy":"post_tag","embeddable":true,"href":"https:\/\/wgphoto.pl\/t\/index.php?rest_route=%2Fwp%2Fv2%2Ftags&post=16641"}],"curies":[{"name":"wp","href":"https:\/\/api.w.org\/{rel}","templated":true}]}}