{"id":16662,"date":"2025-05-03T20:29:48","date_gmt":"2025-05-03T18:29:48","guid":{"rendered":"https:\/\/wgphoto.pl\/t\/?p=16662"},"modified":"2025-05-03T20:29:48","modified_gmt":"2025-05-03T18:29:48","slug":"wzgorza-krzeslawickie","status":"publish","type":"post","link":"https:\/\/wgphoto.pl\/t\/?p=16662","title":{"rendered":"Wzg\u00f3rza Krzes\u0142awickie"},"content":{"rendered":"\n<figure class=\"wp-block-image aligncenter size-full\"><img loading=\"lazy\" decoding=\"async\" width=\"1400\" height=\"907\" src=\"https:\/\/wgphoto.pl\/t\/wp-content\/uploads\/2025\/05\/0312-21_rsn.jpg\" alt=\"\" class=\"wp-image-16663\" srcset=\"https:\/\/wgphoto.pl\/t\/wp-content\/uploads\/2025\/05\/0312-21_rsn.jpg 1400w, https:\/\/wgphoto.pl\/t\/wp-content\/uploads\/2025\/05\/0312-21_rsn-300x194.jpg 300w, https:\/\/wgphoto.pl\/t\/wp-content\/uploads\/2025\/05\/0312-21_rsn-768x498.jpg 768w\" sizes=\"auto, (max-width: 1400px) 100vw, 1400px\" \/><\/figure>\n\n\n\n<div class=\"wp-block-group has-global-padding is-layout-constrained wp-block-group-is-layout-constrained\">\n<p>Krak\u00f3w, p\u0119tla Wzg\u00f3rza Krzes\u0142awickie, 105Na 353+354 i 831+832, 02.05.2003<\/p>\n<\/div>\n","protected":false},"excerpt":{"rendered":"<p>Krak\u00f3w, p\u0119tla Wzg\u00f3rza Krzes\u0142awickie, 105Na 353+354 i 831+832, 02.05.2003<\/p>\n","protected":false},"author":1,"featured_media":16663,"comment_status":"open","ping_status":"","sticky":false,"template":"","format":"standard","meta":{"footnotes":""},"categories":[62,149,3],"tags":[155,3741,494,664,151,663,27,294],"class_list":["post-16662","post","type-post","status-publish","format-standard","has-post-thumbnail","hentry","category-analog","category-rok-2003","category-tramwaj","tag-105na","tag-2003-05-02","tag-flaga","tag-krakow","tag-ludzie","tag-mpk-krakow","tag-polska","tag-wiosna"],"_links":{"self":[{"href":"https:\/\/wgphoto.pl\/t\/index.php?rest_route=\/wp\/v2\/posts\/16662","targetHints":{"allow":["GET"]}}],"collection":[{"href":"https:\/\/wgphoto.pl\/t\/index.php?rest_route=\/wp\/v2\/posts"}],"about":[{"href":"https:\/\/wgphoto.pl\/t\/index.php?rest_route=\/wp\/v2\/types\/post"}],"author":[{"embeddable":true,"href":"https:\/\/wgphoto.pl\/t\/index.php?rest_route=\/wp\/v2\/users\/1"}],"replies":[{"embeddable":true,"href":"https:\/\/wgphoto.pl\/t\/index.php?rest_route=%2Fwp%2Fv2%2Fcomments&post=16662"}],"version-history":[{"count":1,"href":"https:\/\/wgphoto.pl\/t\/index.php?rest_route=\/wp\/v2\/posts\/16662\/revisions"}],"predecessor-version":[{"id":16664,"href":"https:\/\/wgphoto.pl\/t\/index.php?rest_route=\/wp\/v2\/posts\/16662\/revisions\/16664"}],"wp:featuredmedia":[{"embeddable":true,"href":"https:\/\/wgphoto.pl\/t\/index.php?rest_route=\/wp\/v2\/media\/16663"}],"wp:attachment":[{"href":"https:\/\/wgphoto.pl\/t\/index.php?rest_route=%2Fwp%2Fv2%2Fmedia&parent=16662"}],"wp:term":[{"taxonomy":"category","embeddable":true,"href":"https:\/\/wgphoto.pl\/t\/index.php?rest_route=%2Fwp%2Fv2%2Fcategories&post=16662"},{"taxonomy":"post_tag","embeddable":true,"href":"https:\/\/wgphoto.pl\/t\/index.php?rest_route=%2Fwp%2Fv2%2Ftags&post=16662"}],"curies":[{"name":"wp","href":"https:\/\/api.w.org\/{rel}","templated":true}]}}