{"id":16678,"date":"2025-05-04T15:23:04","date_gmt":"2025-05-04T13:23:04","guid":{"rendered":"https:\/\/wgphoto.pl\/t\/?p=16678"},"modified":"2025-05-04T15:23:04","modified_gmt":"2025-05-04T13:23:04","slug":"zabraklo-kilku-metrow","status":"publish","type":"post","link":"https:\/\/wgphoto.pl\/t\/?p=16678","title":{"rendered":"Zabrak\u0142o kilku metr\u00f3w"},"content":{"rendered":"\n<figure class=\"wp-block-image aligncenter size-full\"><img loading=\"lazy\" decoding=\"async\" width=\"1050\" height=\"700\" src=\"https:\/\/wgphoto.pl\/t\/wp-content\/uploads\/2025\/05\/dscf8230.jpg\" alt=\"\" class=\"wp-image-16679\" srcset=\"https:\/\/wgphoto.pl\/t\/wp-content\/uploads\/2025\/05\/dscf8230.jpg 1050w, https:\/\/wgphoto.pl\/t\/wp-content\/uploads\/2025\/05\/dscf8230-300x200.jpg 300w, https:\/\/wgphoto.pl\/t\/wp-content\/uploads\/2025\/05\/dscf8230-768x512.jpg 768w\" sizes=\"auto, (max-width: 1050px) 100vw, 1050px\" \/><\/figure>\n\n\n\n<div class=\"wp-block-group has-global-padding is-layout-constrained wp-block-group-is-layout-constrained\">\n<p>\u2026aby pierwszy wagon wyjecha\u0142 zza znaku, a drugi zza naro\u017cnika kamienicy stoj\u0105cej na rogu ulic ks. J\u00f3zefa Poniatowskiego i Boles\u0142awa Prusa we Wroc\u0142awiu. Ale gdy tramwaj rusza\u0142 z przystanku pewnie wjecha\u0142y w kadr jakie\u015b przeszkadzajki. Jest tu jednak troch\u0119 czerwonej ceg\u0142y, wi\u0119c dla klimatu O\u0142bina mo\u017cna takiego knota upubliczni\u0107. 03.02.2009<\/p>\n<\/div>\n","protected":false},"excerpt":{"rendered":"<p>\u2026aby pierwszy wagon wyjecha\u0142 zza znaku, a drugi zza naro\u017cnika kamienicy stoj\u0105cej na rogu ulic ks. J\u00f3zefa Poniatowskiego i Boles\u0142awa Prusa we Wroc\u0142awiu. Ale gdy tramwaj rusza\u0142 z przystanku pewnie wjecha\u0142y w kadr jakie\u015b przeszkadzajki. Jest tu jednak troch\u0119 czerwonej ceg\u0142y, wi\u0119c dla klimatu O\u0142bina mo\u017cna takiego knota upubliczni\u0107. 03.02.2009<\/p>\n","protected":false},"author":1,"featured_media":16679,"comment_status":"open","ping_status":"","sticky":false,"template":"","format":"standard","meta":{"footnotes":""},"categories":[169,3],"tags":[155,3681,34,42,27,41],"class_list":["post-16678","post","type-post","status-publish","format-standard","has-post-thumbnail","hentry","category-rok-2009","category-tramwaj","tag-105na","tag-2009-02-03","tag-architektura","tag-mpk-wroclaw","tag-polska","tag-wroclaw"],"_links":{"self":[{"href":"https:\/\/wgphoto.pl\/t\/index.php?rest_route=\/wp\/v2\/posts\/16678","targetHints":{"allow":["GET"]}}],"collection":[{"href":"https:\/\/wgphoto.pl\/t\/index.php?rest_route=\/wp\/v2\/posts"}],"about":[{"href":"https:\/\/wgphoto.pl\/t\/index.php?rest_route=\/wp\/v2\/types\/post"}],"author":[{"embeddable":true,"href":"https:\/\/wgphoto.pl\/t\/index.php?rest_route=\/wp\/v2\/users\/1"}],"replies":[{"embeddable":true,"href":"https:\/\/wgphoto.pl\/t\/index.php?rest_route=%2Fwp%2Fv2%2Fcomments&post=16678"}],"version-history":[{"count":1,"href":"https:\/\/wgphoto.pl\/t\/index.php?rest_route=\/wp\/v2\/posts\/16678\/revisions"}],"predecessor-version":[{"id":16680,"href":"https:\/\/wgphoto.pl\/t\/index.php?rest_route=\/wp\/v2\/posts\/16678\/revisions\/16680"}],"wp:featuredmedia":[{"embeddable":true,"href":"https:\/\/wgphoto.pl\/t\/index.php?rest_route=\/wp\/v2\/media\/16679"}],"wp:attachment":[{"href":"https:\/\/wgphoto.pl\/t\/index.php?rest_route=%2Fwp%2Fv2%2Fmedia&parent=16678"}],"wp:term":[{"taxonomy":"category","embeddable":true,"href":"https:\/\/wgphoto.pl\/t\/index.php?rest_route=%2Fwp%2Fv2%2Fcategories&post=16678"},{"taxonomy":"post_tag","embeddable":true,"href":"https:\/\/wgphoto.pl\/t\/index.php?rest_route=%2Fwp%2Fv2%2Ftags&post=16678"}],"curies":[{"name":"wp","href":"https:\/\/api.w.org\/{rel}","templated":true}]}}