{"id":16714,"date":"2025-05-04T15:34:54","date_gmt":"2025-05-04T13:34:54","guid":{"rendered":"https:\/\/wgphoto.pl\/t\/?p=16714"},"modified":"2025-05-04T15:34:54","modified_gmt":"2025-05-04T13:34:54","slug":"zdjecie-pelne-slonca","status":"publish","type":"post","link":"https:\/\/wgphoto.pl\/t\/?p=16714","title":{"rendered":"Zdj\u0119cie pe\u0142ne s\u0142o\u0144ca"},"content":{"rendered":"\n<figure class=\"wp-block-image aligncenter size-full\"><img loading=\"lazy\" decoding=\"async\" width=\"1200\" height=\"803\" src=\"https:\/\/wgphoto.pl\/t\/wp-content\/uploads\/2025\/05\/IMGP8525.jpg\" alt=\"\" class=\"wp-image-16715\" srcset=\"https:\/\/wgphoto.pl\/t\/wp-content\/uploads\/2025\/05\/IMGP8525.jpg 1200w, https:\/\/wgphoto.pl\/t\/wp-content\/uploads\/2025\/05\/IMGP8525-300x201.jpg 300w, https:\/\/wgphoto.pl\/t\/wp-content\/uploads\/2025\/05\/IMGP8525-768x514.jpg 768w\" sizes=\"auto, (max-width: 1200px) 100vw, 1200px\" \/><\/figure>\n\n\n\n<div class=\"wp-block-group has-global-padding is-layout-constrained wp-block-group-is-layout-constrained\">\n<p>Spotkanie pod semaforami wjazdowymi do Wroc\u0142awia G\u0142\u00f3wnego. Poci\u0105g pospieszny 65501 &#8222;Niegocin&#8221; do E\u0142ku, prowadzony EP07-1014, wyrusza ze stacji pocz\u0105tkowej w d\u0142ug\u0105 podr\u00f3\u017c, a obok na wjazd i zako\u0144czenie kursu oczekuje EN57-1410. Foto powsta\u0142o zasadniczo dlatego, \u017ce prawy tor by\u0142 w\u00f3wczas zamkni\u0119ty. Inaczej nie odwa\u017cy\u0142bym si\u0119 tutaj \u0142azi\u0107. 15.08.2009<\/p>\n<\/div>\n","protected":false},"excerpt":{"rendered":"<p>Spotkanie pod semaforami wjazdowymi do Wroc\u0142awia G\u0142\u00f3wnego. Poci\u0105g pospieszny 65501 &#8222;Niegocin&#8221; do E\u0142ku, prowadzony EP07-1014, wyrusza ze stacji pocz\u0105tkowej w d\u0142ug\u0105 podr\u00f3\u017c, a obok na wjazd i zako\u0144czenie kursu oczekuje EN57-1410. Foto powsta\u0142o zasadniczo dlatego, \u017ce prawy tor by\u0142 w\u00f3wczas zamkni\u0119ty. Inaczej nie odwa\u017cy\u0142bym si\u0119 tutaj \u0142azi\u0107. 15.08.2009<\/p>\n","protected":false},"author":1,"featured_media":16715,"comment_status":"open","ping_status":"","sticky":false,"template":"","format":"standard","meta":{"footnotes":""},"categories":[2,169],"tags":[3745,132,124,63,1544,27,41,180],"class_list":["post-16714","post","type-post","status-publish","format-standard","has-post-thumbnail","hentry","category-kolej","category-rok-2009","tag-2009-08-15","tag-en57","tag-ep07","tag-pkp","tag-podg-grabiszyn","tag-polska","tag-wroclaw","tag-wroclaw-glowny"],"_links":{"self":[{"href":"https:\/\/wgphoto.pl\/t\/index.php?rest_route=\/wp\/v2\/posts\/16714","targetHints":{"allow":["GET"]}}],"collection":[{"href":"https:\/\/wgphoto.pl\/t\/index.php?rest_route=\/wp\/v2\/posts"}],"about":[{"href":"https:\/\/wgphoto.pl\/t\/index.php?rest_route=\/wp\/v2\/types\/post"}],"author":[{"embeddable":true,"href":"https:\/\/wgphoto.pl\/t\/index.php?rest_route=\/wp\/v2\/users\/1"}],"replies":[{"embeddable":true,"href":"https:\/\/wgphoto.pl\/t\/index.php?rest_route=%2Fwp%2Fv2%2Fcomments&post=16714"}],"version-history":[{"count":1,"href":"https:\/\/wgphoto.pl\/t\/index.php?rest_route=\/wp\/v2\/posts\/16714\/revisions"}],"predecessor-version":[{"id":16716,"href":"https:\/\/wgphoto.pl\/t\/index.php?rest_route=\/wp\/v2\/posts\/16714\/revisions\/16716"}],"wp:featuredmedia":[{"embeddable":true,"href":"https:\/\/wgphoto.pl\/t\/index.php?rest_route=\/wp\/v2\/media\/16715"}],"wp:attachment":[{"href":"https:\/\/wgphoto.pl\/t\/index.php?rest_route=%2Fwp%2Fv2%2Fmedia&parent=16714"}],"wp:term":[{"taxonomy":"category","embeddable":true,"href":"https:\/\/wgphoto.pl\/t\/index.php?rest_route=%2Fwp%2Fv2%2Fcategories&post=16714"},{"taxonomy":"post_tag","embeddable":true,"href":"https:\/\/wgphoto.pl\/t\/index.php?rest_route=%2Fwp%2Fv2%2Ftags&post=16714"}],"curies":[{"name":"wp","href":"https:\/\/api.w.org\/{rel}","templated":true}]}}