{"id":16727,"date":"2025-05-04T15:39:58","date_gmt":"2025-05-04T13:39:58","guid":{"rendered":"https:\/\/wgphoto.pl\/t\/?p=16727"},"modified":"2025-05-04T15:39:58","modified_gmt":"2025-05-04T13:39:58","slug":"poranek-w-brodnicy","status":"publish","type":"post","link":"https:\/\/wgphoto.pl\/t\/?p=16727","title":{"rendered":"Poranek w Brodnicy"},"content":{"rendered":"\n<figure class=\"wp-block-image aligncenter size-full\"><img loading=\"lazy\" decoding=\"async\" width=\"1200\" height=\"800\" src=\"https:\/\/wgphoto.pl\/t\/wp-content\/uploads\/2025\/05\/0619-20.jpg\" alt=\"\" class=\"wp-image-16728\" srcset=\"https:\/\/wgphoto.pl\/t\/wp-content\/uploads\/2025\/05\/0619-20.jpg 1200w, https:\/\/wgphoto.pl\/t\/wp-content\/uploads\/2025\/05\/0619-20-300x200.jpg 300w, https:\/\/wgphoto.pl\/t\/wp-content\/uploads\/2025\/05\/0619-20-768x512.jpg 768w\" sizes=\"auto, (max-width: 1200px) 100vw, 1200px\" \/><\/figure>\n\n\n\n<div class=\"wp-block-group has-global-padding is-layout-constrained wp-block-group-is-layout-constrained\">\n<p>SU42-518 przyprowadzi\u0142a poranny poci\u0105g 1921 z Dzia\u0142dowa, a obok stoi SU45-121, kt\u00f3ra zaraz odjedzie z poci\u0105giem przyspieszonym 19321 &#8222;Powi\u015ble&#8221; do Bydgoszczy G\u0142\u00f3wnej. 12.08.2006<\/p>\n<\/div>\n","protected":false},"excerpt":{"rendered":"<p>SU42-518 przyprowadzi\u0142a poranny poci\u0105g 1921 z Dzia\u0142dowa, a obok stoi SU45-121, kt\u00f3ra zaraz odjedzie z poci\u0105giem przyspieszonym 19321 &#8222;Powi\u015ble&#8221; do Bydgoszczy G\u0142\u00f3wnej. 12.08.2006<\/p>\n","protected":false},"author":1,"featured_media":16728,"comment_status":"open","ping_status":"","sticky":false,"template":"","format":"standard","meta":{"footnotes":""},"categories":[62,2,130],"tags":[3465,288,2099,63,27,176,250,290,53,793],"class_list":["post-16727","post","type-post","status-publish","format-standard","has-post-thumbnail","hentry","category-analog","category-kolej","category-rok-2006","tag-2006-08-12","tag-bipa","tag-brodnica","tag-pkp","tag-polska","tag-rano","tag-su42","tag-su45","tag-sygnalizacja-ksztaltowa","tag-tab-pl431"],"_links":{"self":[{"href":"https:\/\/wgphoto.pl\/t\/index.php?rest_route=\/wp\/v2\/posts\/16727","targetHints":{"allow":["GET"]}}],"collection":[{"href":"https:\/\/wgphoto.pl\/t\/index.php?rest_route=\/wp\/v2\/posts"}],"about":[{"href":"https:\/\/wgphoto.pl\/t\/index.php?rest_route=\/wp\/v2\/types\/post"}],"author":[{"embeddable":true,"href":"https:\/\/wgphoto.pl\/t\/index.php?rest_route=\/wp\/v2\/users\/1"}],"replies":[{"embeddable":true,"href":"https:\/\/wgphoto.pl\/t\/index.php?rest_route=%2Fwp%2Fv2%2Fcomments&post=16727"}],"version-history":[{"count":1,"href":"https:\/\/wgphoto.pl\/t\/index.php?rest_route=\/wp\/v2\/posts\/16727\/revisions"}],"predecessor-version":[{"id":16729,"href":"https:\/\/wgphoto.pl\/t\/index.php?rest_route=\/wp\/v2\/posts\/16727\/revisions\/16729"}],"wp:featuredmedia":[{"embeddable":true,"href":"https:\/\/wgphoto.pl\/t\/index.php?rest_route=\/wp\/v2\/media\/16728"}],"wp:attachment":[{"href":"https:\/\/wgphoto.pl\/t\/index.php?rest_route=%2Fwp%2Fv2%2Fmedia&parent=16727"}],"wp:term":[{"taxonomy":"category","embeddable":true,"href":"https:\/\/wgphoto.pl\/t\/index.php?rest_route=%2Fwp%2Fv2%2Fcategories&post=16727"},{"taxonomy":"post_tag","embeddable":true,"href":"https:\/\/wgphoto.pl\/t\/index.php?rest_route=%2Fwp%2Fv2%2Ftags&post=16727"}],"curies":[{"name":"wp","href":"https:\/\/api.w.org\/{rel}","templated":true}]}}