{"id":16730,"date":"2025-05-04T15:40:58","date_gmt":"2025-05-04T13:40:58","guid":{"rendered":"https:\/\/wgphoto.pl\/t\/?p=16730"},"modified":"2025-05-04T15:40:58","modified_gmt":"2025-05-04T13:40:58","slug":"zblizenie-na-detal","status":"publish","type":"post","link":"https:\/\/wgphoto.pl\/t\/?p=16730","title":{"rendered":"Zbli\u017cenie na detal"},"content":{"rendered":"\n<figure class=\"wp-block-image aligncenter size-full\"><img loading=\"lazy\" decoding=\"async\" width=\"1200\" height=\"800\" src=\"https:\/\/wgphoto.pl\/t\/wp-content\/uploads\/2025\/05\/0619-21.jpg\" alt=\"\" class=\"wp-image-16731\" srcset=\"https:\/\/wgphoto.pl\/t\/wp-content\/uploads\/2025\/05\/0619-21.jpg 1200w, https:\/\/wgphoto.pl\/t\/wp-content\/uploads\/2025\/05\/0619-21-300x200.jpg 300w, https:\/\/wgphoto.pl\/t\/wp-content\/uploads\/2025\/05\/0619-21-768x512.jpg 768w\" sizes=\"auto, (max-width: 1200px) 100vw, 1200px\" \/><\/figure>\n\n\n\n<div class=\"wp-block-group has-global-padding is-layout-constrained wp-block-group-is-layout-constrained\">\n<p>Brodnica. Manewry przy sk\u0142adzie z\/do Dzia\u0142dowa. Po parasolu w tle widz\u0119, \u017ce nawet pada\u0142o. Ja ten poranek zapami\u0119ta\u0142em tak, \u017ce przyjecha\u0142em z Warszawy do Dzia\u0142dowa jak\u0105\u015b nocn\u0105 rze\u017ani\u0105, par\u0119 godzin sp\u0119dzi\u0142em na stacji, ale nawet oka nie zmru\u017cy\u0142em, bo w poczekalni nie da\u0142o si\u0119 wysiedzie\u0107 z powodu smrodu. Po podstawieniu bipy w peron i zaj\u0119ciu miejsca natychmiast zasn\u0105\u0142em, trasy do Brodnicy w og\u00f3le nie pami\u0119tam, tych kilkunastu minut na stacji pewnie te\u017c bym nie pami\u0119ta\u0142, gdyby nie te zdj\u0119cia. 12.08.2006<\/p>\n<\/div>\n","protected":false},"excerpt":{"rendered":"<p>Brodnica. Manewry przy sk\u0142adzie z\/do Dzia\u0142dowa. Po parasolu w tle widz\u0119, \u017ce nawet pada\u0142o. Ja ten poranek zapami\u0119ta\u0142em tak, \u017ce przyjecha\u0142em z Warszawy do Dzia\u0142dowa jak\u0105\u015b nocn\u0105 rze\u017ani\u0105, par\u0119 godzin sp\u0119dzi\u0142em na stacji, ale nawet oka nie zmru\u017cy\u0142em, bo w poczekalni nie da\u0142o si\u0119 wysiedzie\u0107 z powodu smrodu. Po podstawieniu bipy w peron i zaj\u0119ciu [&hellip;]<\/p>\n","protected":false},"author":1,"featured_media":16731,"comment_status":"open","ping_status":"","sticky":false,"template":"","format":"standard","meta":{"footnotes":""},"categories":[62,2,130],"tags":[3465,288,2099,63,27,176,53,793,399],"class_list":["post-16730","post","type-post","status-publish","format-standard","has-post-thumbnail","hentry","category-analog","category-kolej","category-rok-2006","tag-2006-08-12","tag-bipa","tag-brodnica","tag-pkp","tag-polska","tag-rano","tag-sygnalizacja-ksztaltowa","tag-tab-pl431","tag-tablica-kierunkowa"],"_links":{"self":[{"href":"https:\/\/wgphoto.pl\/t\/index.php?rest_route=\/wp\/v2\/posts\/16730","targetHints":{"allow":["GET"]}}],"collection":[{"href":"https:\/\/wgphoto.pl\/t\/index.php?rest_route=\/wp\/v2\/posts"}],"about":[{"href":"https:\/\/wgphoto.pl\/t\/index.php?rest_route=\/wp\/v2\/types\/post"}],"author":[{"embeddable":true,"href":"https:\/\/wgphoto.pl\/t\/index.php?rest_route=\/wp\/v2\/users\/1"}],"replies":[{"embeddable":true,"href":"https:\/\/wgphoto.pl\/t\/index.php?rest_route=%2Fwp%2Fv2%2Fcomments&post=16730"}],"version-history":[{"count":1,"href":"https:\/\/wgphoto.pl\/t\/index.php?rest_route=\/wp\/v2\/posts\/16730\/revisions"}],"predecessor-version":[{"id":16732,"href":"https:\/\/wgphoto.pl\/t\/index.php?rest_route=\/wp\/v2\/posts\/16730\/revisions\/16732"}],"wp:featuredmedia":[{"embeddable":true,"href":"https:\/\/wgphoto.pl\/t\/index.php?rest_route=\/wp\/v2\/media\/16731"}],"wp:attachment":[{"href":"https:\/\/wgphoto.pl\/t\/index.php?rest_route=%2Fwp%2Fv2%2Fmedia&parent=16730"}],"wp:term":[{"taxonomy":"category","embeddable":true,"href":"https:\/\/wgphoto.pl\/t\/index.php?rest_route=%2Fwp%2Fv2%2Fcategories&post=16730"},{"taxonomy":"post_tag","embeddable":true,"href":"https:\/\/wgphoto.pl\/t\/index.php?rest_route=%2Fwp%2Fv2%2Ftags&post=16730"}],"curies":[{"name":"wp","href":"https:\/\/api.w.org\/{rel}","templated":true}]}}