{"id":16733,"date":"2025-05-04T15:41:51","date_gmt":"2025-05-04T13:41:51","guid":{"rendered":"https:\/\/wgphoto.pl\/t\/?p=16733"},"modified":"2025-05-04T15:41:51","modified_gmt":"2025-05-04T13:41:51","slug":"zmeczony","status":"publish","type":"post","link":"https:\/\/wgphoto.pl\/t\/?p=16733","title":{"rendered":"Zm\u0119czony"},"content":{"rendered":"\n<figure class=\"wp-block-image aligncenter size-full\"><img loading=\"lazy\" decoding=\"async\" width=\"1200\" height=\"800\" src=\"https:\/\/wgphoto.pl\/t\/wp-content\/uploads\/2025\/05\/0619-22.jpg\" alt=\"\" class=\"wp-image-16734\" srcset=\"https:\/\/wgphoto.pl\/t\/wp-content\/uploads\/2025\/05\/0619-22.jpg 1200w, https:\/\/wgphoto.pl\/t\/wp-content\/uploads\/2025\/05\/0619-22-300x200.jpg 300w, https:\/\/wgphoto.pl\/t\/wp-content\/uploads\/2025\/05\/0619-22-768x512.jpg 768w\" sizes=\"auto, (max-width: 1200px) 100vw, 1200px\" \/><\/figure>\n\n\n\n<div class=\"wp-block-group has-global-padding is-layout-constrained wp-block-group-is-layout-constrained\">\n<p>Trzecie uj\u0119cie SU42-518 w Brodnicy, na g\u0142owicy od strony Dzia\u0142dowa. To by\u0142o ostatnie foto tego dnia, a kolejne na kliszy pochodzi ju\u017c z zupe\u0142nie innego wyjazdu, wi\u0119c pewnie by\u0142em ju\u017c tak zm\u0119czony po nocy, \u017ce z Brodnicy pojecha\u0142em prosto do Wroc\u0142awia z przesiadk\u0105 w Bydgoszczy. 12.08.2006<\/p>\n<\/div>\n","protected":false},"excerpt":{"rendered":"<p>Trzecie uj\u0119cie SU42-518 w Brodnicy, na g\u0142owicy od strony Dzia\u0142dowa. To by\u0142o ostatnie foto tego dnia, a kolejne na kliszy pochodzi ju\u017c z zupe\u0142nie innego wyjazdu, wi\u0119c pewnie by\u0142em ju\u017c tak zm\u0119czony po nocy, \u017ce z Brodnicy pojecha\u0142em prosto do Wroc\u0142awia z przesiadk\u0105 w Bydgoszczy. 12.08.2006<\/p>\n","protected":false},"author":1,"featured_media":16734,"comment_status":"open","ping_status":"","sticky":false,"template":"","format":"standard","meta":{"footnotes":""},"categories":[62,2,130],"tags":[3465,2099,63,27,176,250,53,793],"class_list":["post-16733","post","type-post","status-publish","format-standard","has-post-thumbnail","hentry","category-analog","category-kolej","category-rok-2006","tag-2006-08-12","tag-brodnica","tag-pkp","tag-polska","tag-rano","tag-su42","tag-sygnalizacja-ksztaltowa","tag-tab-pl431"],"_links":{"self":[{"href":"https:\/\/wgphoto.pl\/t\/index.php?rest_route=\/wp\/v2\/posts\/16733","targetHints":{"allow":["GET"]}}],"collection":[{"href":"https:\/\/wgphoto.pl\/t\/index.php?rest_route=\/wp\/v2\/posts"}],"about":[{"href":"https:\/\/wgphoto.pl\/t\/index.php?rest_route=\/wp\/v2\/types\/post"}],"author":[{"embeddable":true,"href":"https:\/\/wgphoto.pl\/t\/index.php?rest_route=\/wp\/v2\/users\/1"}],"replies":[{"embeddable":true,"href":"https:\/\/wgphoto.pl\/t\/index.php?rest_route=%2Fwp%2Fv2%2Fcomments&post=16733"}],"version-history":[{"count":1,"href":"https:\/\/wgphoto.pl\/t\/index.php?rest_route=\/wp\/v2\/posts\/16733\/revisions"}],"predecessor-version":[{"id":16735,"href":"https:\/\/wgphoto.pl\/t\/index.php?rest_route=\/wp\/v2\/posts\/16733\/revisions\/16735"}],"wp:featuredmedia":[{"embeddable":true,"href":"https:\/\/wgphoto.pl\/t\/index.php?rest_route=\/wp\/v2\/media\/16734"}],"wp:attachment":[{"href":"https:\/\/wgphoto.pl\/t\/index.php?rest_route=%2Fwp%2Fv2%2Fmedia&parent=16733"}],"wp:term":[{"taxonomy":"category","embeddable":true,"href":"https:\/\/wgphoto.pl\/t\/index.php?rest_route=%2Fwp%2Fv2%2Fcategories&post=16733"},{"taxonomy":"post_tag","embeddable":true,"href":"https:\/\/wgphoto.pl\/t\/index.php?rest_route=%2Fwp%2Fv2%2Ftags&post=16733"}],"curies":[{"name":"wp","href":"https:\/\/api.w.org\/{rel}","templated":true}]}}