{"id":16742,"date":"2025-05-04T16:14:37","date_gmt":"2025-05-04T14:14:37","guid":{"rendered":"https:\/\/wgphoto.pl\/t\/?p=16742"},"modified":"2025-05-04T16:14:37","modified_gmt":"2025-05-04T14:14:37","slug":"kwk-pokoj","status":"publish","type":"post","link":"https:\/\/wgphoto.pl\/t\/?p=16742","title":{"rendered":"KWK Pok\u00f3j"},"content":{"rendered":"\n<figure class=\"wp-block-image aligncenter size-full\"><img loading=\"lazy\" decoding=\"async\" width=\"773\" height=\"1000\" src=\"https:\/\/wgphoto.pl\/t\/wp-content\/uploads\/2025\/05\/0709-36.jpg\" alt=\"\" class=\"wp-image-16743\" srcset=\"https:\/\/wgphoto.pl\/t\/wp-content\/uploads\/2025\/05\/0709-36.jpg 773w, https:\/\/wgphoto.pl\/t\/wp-content\/uploads\/2025\/05\/0709-36-232x300.jpg 232w, https:\/\/wgphoto.pl\/t\/wp-content\/uploads\/2025\/05\/0709-36-768x994.jpg 768w\" sizes=\"auto, (max-width: 773px) 100vw, 773px\" \/><\/figure>\n\n\n\n<div class=\"wp-block-group has-global-padding is-layout-constrained wp-block-group-is-layout-constrained\">\n<p>Stacja przy KWK Pok\u00f3j w Rudzie \u015al\u0105skiej i nieznana SM31 przy pracy. 04.05.2007<\/p>\n<\/div>\n","protected":false},"excerpt":{"rendered":"<p>Stacja przy KWK Pok\u00f3j w Rudzie \u015al\u0105skiej i nieznana SM31 przy pracy. 04.05.2007<\/p>\n","protected":false},"author":1,"featured_media":16743,"comment_status":"open","ping_status":"","sticky":false,"template":"","format":"standard","meta":{"footnotes":""},"categories":[62,2,128,96],"tags":[2566,277,303,63,27,1842,266],"class_list":["post-16742","post","type-post","status-publish","format-standard","has-post-thumbnail","hentry","category-analog","category-kolej","category-pionowe","category-rok-2007","tag-2007-05-04","tag-gop","tag-industrial","tag-pkp","tag-polska","tag-ruda-slaska","tag-sm31"],"_links":{"self":[{"href":"https:\/\/wgphoto.pl\/t\/index.php?rest_route=\/wp\/v2\/posts\/16742","targetHints":{"allow":["GET"]}}],"collection":[{"href":"https:\/\/wgphoto.pl\/t\/index.php?rest_route=\/wp\/v2\/posts"}],"about":[{"href":"https:\/\/wgphoto.pl\/t\/index.php?rest_route=\/wp\/v2\/types\/post"}],"author":[{"embeddable":true,"href":"https:\/\/wgphoto.pl\/t\/index.php?rest_route=\/wp\/v2\/users\/1"}],"replies":[{"embeddable":true,"href":"https:\/\/wgphoto.pl\/t\/index.php?rest_route=%2Fwp%2Fv2%2Fcomments&post=16742"}],"version-history":[{"count":1,"href":"https:\/\/wgphoto.pl\/t\/index.php?rest_route=\/wp\/v2\/posts\/16742\/revisions"}],"predecessor-version":[{"id":16744,"href":"https:\/\/wgphoto.pl\/t\/index.php?rest_route=\/wp\/v2\/posts\/16742\/revisions\/16744"}],"wp:featuredmedia":[{"embeddable":true,"href":"https:\/\/wgphoto.pl\/t\/index.php?rest_route=\/wp\/v2\/media\/16743"}],"wp:attachment":[{"href":"https:\/\/wgphoto.pl\/t\/index.php?rest_route=%2Fwp%2Fv2%2Fmedia&parent=16742"}],"wp:term":[{"taxonomy":"category","embeddable":true,"href":"https:\/\/wgphoto.pl\/t\/index.php?rest_route=%2Fwp%2Fv2%2Fcategories&post=16742"},{"taxonomy":"post_tag","embeddable":true,"href":"https:\/\/wgphoto.pl\/t\/index.php?rest_route=%2Fwp%2Fv2%2Ftags&post=16742"}],"curies":[{"name":"wp","href":"https:\/\/api.w.org\/{rel}","templated":true}]}}