{"id":16745,"date":"2025-05-04T17:40:47","date_gmt":"2025-05-04T15:40:47","guid":{"rendered":"https:\/\/wgphoto.pl\/t\/?p=16745"},"modified":"2025-05-04T17:40:47","modified_gmt":"2025-05-04T15:40:47","slug":"strazacy-na-tory","status":"publish","type":"post","link":"https:\/\/wgphoto.pl\/t\/?p=16745","title":{"rendered":"Stra\u017cacy na tory"},"content":{"rendered":"\n<figure class=\"wp-block-image aligncenter size-full\"><img loading=\"lazy\" decoding=\"async\" width=\"1400\" height=\"927\" src=\"https:\/\/wgphoto.pl\/t\/wp-content\/uploads\/2025\/05\/IMGP7497.jpg\" alt=\"\" class=\"wp-image-16746\" srcset=\"https:\/\/wgphoto.pl\/t\/wp-content\/uploads\/2025\/05\/IMGP7497.jpg 1400w, https:\/\/wgphoto.pl\/t\/wp-content\/uploads\/2025\/05\/IMGP7497-300x199.jpg 300w, https:\/\/wgphoto.pl\/t\/wp-content\/uploads\/2025\/05\/IMGP7497-768x509.jpg 768w\" sizes=\"auto, (max-width: 1400px) 100vw, 1400px\" \/><\/figure>\n\n\n\n<div class=\"wp-block-group has-global-padding is-layout-constrained wp-block-group-is-layout-constrained\">\n<p>131.023+024 z \u0142adunkiem sprz\u0119tu stra\u017cackiego (jad\u0105cego docelowo do Ukrainy?) zbli\u017ca si\u0119 do stacji \u0160trba. Z zaskoczenia nas wzi\u0105\u0142, st\u0105d np. zakapturzona posta\u0107 w kadrze. \ud83d\ude09 03.05.2022<\/p>\n<\/div>\n","protected":false},"excerpt":{"rendered":"<p>131.023+024 z \u0142adunkiem sprz\u0119tu stra\u017cackiego (jad\u0105cego docelowo do Ukrainy?) zbli\u017ca si\u0119 do stacji \u0160trba. Z zaskoczenia nas wzi\u0105\u0142, st\u0105d np. zakapturzona posta\u0107 w kadrze. \ud83d\ude09 03.05.2022<\/p>\n","protected":false},"author":1,"featured_media":16746,"comment_status":"open","ping_status":"","sticky":false,"template":"","format":"standard","meta":{"footnotes":""},"categories":[2,669],"tags":[679,671,13,114,674,675,670,469],"class_list":["post-16745","post","type-post","status-publish","format-standard","has-post-thumbnail","hentry","category-kolej","category-rok-2022","tag-679","tag-2022-05-03","tag-deszcz","tag-gory","tag-majowka-2022-hej","tag-slowacja","tag-strba","tag-zssk"],"_links":{"self":[{"href":"https:\/\/wgphoto.pl\/t\/index.php?rest_route=\/wp\/v2\/posts\/16745","targetHints":{"allow":["GET"]}}],"collection":[{"href":"https:\/\/wgphoto.pl\/t\/index.php?rest_route=\/wp\/v2\/posts"}],"about":[{"href":"https:\/\/wgphoto.pl\/t\/index.php?rest_route=\/wp\/v2\/types\/post"}],"author":[{"embeddable":true,"href":"https:\/\/wgphoto.pl\/t\/index.php?rest_route=\/wp\/v2\/users\/1"}],"replies":[{"embeddable":true,"href":"https:\/\/wgphoto.pl\/t\/index.php?rest_route=%2Fwp%2Fv2%2Fcomments&post=16745"}],"version-history":[{"count":1,"href":"https:\/\/wgphoto.pl\/t\/index.php?rest_route=\/wp\/v2\/posts\/16745\/revisions"}],"predecessor-version":[{"id":16747,"href":"https:\/\/wgphoto.pl\/t\/index.php?rest_route=\/wp\/v2\/posts\/16745\/revisions\/16747"}],"wp:featuredmedia":[{"embeddable":true,"href":"https:\/\/wgphoto.pl\/t\/index.php?rest_route=\/wp\/v2\/media\/16746"}],"wp:attachment":[{"href":"https:\/\/wgphoto.pl\/t\/index.php?rest_route=%2Fwp%2Fv2%2Fmedia&parent=16745"}],"wp:term":[{"taxonomy":"category","embeddable":true,"href":"https:\/\/wgphoto.pl\/t\/index.php?rest_route=%2Fwp%2Fv2%2Fcategories&post=16745"},{"taxonomy":"post_tag","embeddable":true,"href":"https:\/\/wgphoto.pl\/t\/index.php?rest_route=%2Fwp%2Fv2%2Ftags&post=16745"}],"curies":[{"name":"wp","href":"https:\/\/api.w.org\/{rel}","templated":true}]}}