{"id":16748,"date":"2025-05-07T18:30:14","date_gmt":"2025-05-07T16:30:14","guid":{"rendered":"https:\/\/wgphoto.pl\/t\/?p=16748"},"modified":"2025-05-07T18:30:14","modified_gmt":"2025-05-07T16:30:14","slug":"160-km-h-po-raz-drugi","status":"publish","type":"post","link":"https:\/\/wgphoto.pl\/t\/?p=16748","title":{"rendered":"160 km\/h po raz drugi"},"content":{"rendered":"\n<figure class=\"wp-block-image aligncenter size-full\"><img loading=\"lazy\" decoding=\"async\" width=\"1400\" height=\"937\" src=\"https:\/\/wgphoto.pl\/t\/wp-content\/uploads\/2025\/05\/IMGP5886.jpg\" alt=\"\" class=\"wp-image-16749\" srcset=\"https:\/\/wgphoto.pl\/t\/wp-content\/uploads\/2025\/05\/IMGP5886.jpg 1400w, https:\/\/wgphoto.pl\/t\/wp-content\/uploads\/2025\/05\/IMGP5886-300x201.jpg 300w, https:\/\/wgphoto.pl\/t\/wp-content\/uploads\/2025\/05\/IMGP5886-768x514.jpg 768w\" sizes=\"auto, (max-width: 1400px) 100vw, 1400px\" \/><\/figure>\n\n\n\n<div class=\"wp-block-group has-global-padding is-layout-constrained wp-block-group-is-layout-constrained\">\n<p>Czy by\u0142o 160, tego nie wiem, ale mog\u0119 powiedzie\u0107, \u017ce maszyna 151.001 prowadzi poci\u0105g EC142 &#8222;Odra&#8221; z \u017byliny do Pragi. Wagony za lokomotyw\u0105 nie zdradzaj\u0105 standardu EC &#8211; s\u0105 to zwyczajne &#8222;ko\u017eenky&#8221;, do\u0142\u0105czane do sk\u0142adu w relacji krajowej &#8211; od Bogumina. Jesen\u00edk nad Odrou, 15.08.2010<\/p>\n<\/div>\n","protected":false},"excerpt":{"rendered":"<p>Czy by\u0142o 160, tego nie wiem, ale mog\u0119 powiedzie\u0107, \u017ce maszyna 151.001 prowadzi poci\u0105g EC142 &#8222;Odra&#8221; z \u017byliny do Pragi. Wagony za lokomotyw\u0105 nie zdradzaj\u0105 standardu EC &#8211; s\u0105 to zwyczajne &#8222;ko\u017eenky&#8221;, do\u0142\u0105czane do sk\u0142adu w relacji krajowej &#8211; od Bogumina. Jesen\u00edk nad Odrou, 15.08.2010<\/p>\n","protected":false},"author":1,"featured_media":16749,"comment_status":"open","ping_status":"","sticky":false,"template":"","format":"standard","meta":{"footnotes":""},"categories":[2,86],"tags":[1966,791,50,49,3629,981],"class_list":["post-16748","post","type-post","status-publish","format-standard","has-post-thumbnail","hentry","category-kolej","category-rok-2010","tag-1966","tag-2010-08-15","tag-cd","tag-czechy","tag-jesenik-nad-odrou","tag-tab-cz270"],"_links":{"self":[{"href":"https:\/\/wgphoto.pl\/t\/index.php?rest_route=\/wp\/v2\/posts\/16748","targetHints":{"allow":["GET"]}}],"collection":[{"href":"https:\/\/wgphoto.pl\/t\/index.php?rest_route=\/wp\/v2\/posts"}],"about":[{"href":"https:\/\/wgphoto.pl\/t\/index.php?rest_route=\/wp\/v2\/types\/post"}],"author":[{"embeddable":true,"href":"https:\/\/wgphoto.pl\/t\/index.php?rest_route=\/wp\/v2\/users\/1"}],"replies":[{"embeddable":true,"href":"https:\/\/wgphoto.pl\/t\/index.php?rest_route=%2Fwp%2Fv2%2Fcomments&post=16748"}],"version-history":[{"count":1,"href":"https:\/\/wgphoto.pl\/t\/index.php?rest_route=\/wp\/v2\/posts\/16748\/revisions"}],"predecessor-version":[{"id":16750,"href":"https:\/\/wgphoto.pl\/t\/index.php?rest_route=\/wp\/v2\/posts\/16748\/revisions\/16750"}],"wp:featuredmedia":[{"embeddable":true,"href":"https:\/\/wgphoto.pl\/t\/index.php?rest_route=\/wp\/v2\/media\/16749"}],"wp:attachment":[{"href":"https:\/\/wgphoto.pl\/t\/index.php?rest_route=%2Fwp%2Fv2%2Fmedia&parent=16748"}],"wp:term":[{"taxonomy":"category","embeddable":true,"href":"https:\/\/wgphoto.pl\/t\/index.php?rest_route=%2Fwp%2Fv2%2Fcategories&post=16748"},{"taxonomy":"post_tag","embeddable":true,"href":"https:\/\/wgphoto.pl\/t\/index.php?rest_route=%2Fwp%2Fv2%2Ftags&post=16748"}],"curies":[{"name":"wp","href":"https:\/\/api.w.org\/{rel}","templated":true}]}}