{"id":16759,"date":"2025-05-11T13:17:08","date_gmt":"2025-05-11T11:17:08","guid":{"rendered":"https:\/\/wgphoto.pl\/t\/?p=16759"},"modified":"2025-05-11T13:17:08","modified_gmt":"2025-05-11T11:17:08","slug":"szkoda-kadru","status":"publish","type":"post","link":"https:\/\/wgphoto.pl\/t\/?p=16759","title":{"rendered":"Szkoda kadru"},"content":{"rendered":"\n<figure class=\"wp-block-image aligncenter size-full\"><img loading=\"lazy\" decoding=\"async\" width=\"1300\" height=\"830\" src=\"https:\/\/wgphoto.pl\/t\/wp-content\/uploads\/2025\/05\/2001i-22_rsn_filtered.jpg\" alt=\"\" class=\"wp-image-16760\" srcset=\"https:\/\/wgphoto.pl\/t\/wp-content\/uploads\/2025\/05\/2001i-22_rsn_filtered.jpg 1300w, https:\/\/wgphoto.pl\/t\/wp-content\/uploads\/2025\/05\/2001i-22_rsn_filtered-300x192.jpg 300w, https:\/\/wgphoto.pl\/t\/wp-content\/uploads\/2025\/05\/2001i-22_rsn_filtered-768x490.jpg 768w\" sizes=\"auto, (max-width: 1300px) 100vw, 1300px\" \/><\/figure>\n\n\n\n<div class=\"wp-block-group has-global-padding is-layout-constrained wp-block-group-is-layout-constrained\">\n<p>EP09-009 z IC 1612 &#8222;Fredro&#8221; z Warszawy Wschodniej i EU07-173 z pospiesznym 62206 do Zamo\u015bcia stoj\u0105 przy peronach Wroc\u0142awia G\u0142\u00f3wnego. Szkoda kadru, bo \u015bwiat\u0142o ciekawe, motyw z &#8222;Wroc\u0142awiem&#8221; si\u0119 u\u0142o\u017cy\u0142, no ale fotograf jeszcze nie odrobi\u0142 lekcji z kadrowania. 11.05.2001<\/p>\n<\/div>\n","protected":false},"excerpt":{"rendered":"<p>EP09-009 z IC 1612 &#8222;Fredro&#8221; z Warszawy Wschodniej i EU07-173 z pospiesznym 62206 do Zamo\u015bcia stoj\u0105 przy peronach Wroc\u0142awia G\u0142\u00f3wnego. Szkoda kadru, bo \u015bwiat\u0142o ciekawe, motyw z &#8222;Wroc\u0142awiem&#8221; si\u0119 u\u0142o\u017cy\u0142, no ale fotograf jeszcze nie odrobi\u0142 lekcji z kadrowania. 11.05.2001<\/p>\n","protected":false},"author":1,"featured_media":16760,"comment_status":"open","ping_status":"","sticky":false,"template":"","format":"standard","meta":{"footnotes":""},"categories":[62,2,940],"tags":[3752,2461,122,179,63,27,181,41,180],"class_list":["post-16759","post","type-post","status-publish","format-standard","has-post-thumbnail","hentry","category-analog","category-kolej","category-rok-2001","tag-2001-05-11","tag-ep09","tag-eu07","tag-hala-peronowa","tag-pkp","tag-polska","tag-slonce","tag-wroclaw","tag-wroclaw-glowny"],"_links":{"self":[{"href":"https:\/\/wgphoto.pl\/t\/index.php?rest_route=\/wp\/v2\/posts\/16759","targetHints":{"allow":["GET"]}}],"collection":[{"href":"https:\/\/wgphoto.pl\/t\/index.php?rest_route=\/wp\/v2\/posts"}],"about":[{"href":"https:\/\/wgphoto.pl\/t\/index.php?rest_route=\/wp\/v2\/types\/post"}],"author":[{"embeddable":true,"href":"https:\/\/wgphoto.pl\/t\/index.php?rest_route=\/wp\/v2\/users\/1"}],"replies":[{"embeddable":true,"href":"https:\/\/wgphoto.pl\/t\/index.php?rest_route=%2Fwp%2Fv2%2Fcomments&post=16759"}],"version-history":[{"count":1,"href":"https:\/\/wgphoto.pl\/t\/index.php?rest_route=\/wp\/v2\/posts\/16759\/revisions"}],"predecessor-version":[{"id":16761,"href":"https:\/\/wgphoto.pl\/t\/index.php?rest_route=\/wp\/v2\/posts\/16759\/revisions\/16761"}],"wp:featuredmedia":[{"embeddable":true,"href":"https:\/\/wgphoto.pl\/t\/index.php?rest_route=\/wp\/v2\/media\/16760"}],"wp:attachment":[{"href":"https:\/\/wgphoto.pl\/t\/index.php?rest_route=%2Fwp%2Fv2%2Fmedia&parent=16759"}],"wp:term":[{"taxonomy":"category","embeddable":true,"href":"https:\/\/wgphoto.pl\/t\/index.php?rest_route=%2Fwp%2Fv2%2Fcategories&post=16759"},{"taxonomy":"post_tag","embeddable":true,"href":"https:\/\/wgphoto.pl\/t\/index.php?rest_route=%2Fwp%2Fv2%2Ftags&post=16759"}],"curies":[{"name":"wp","href":"https:\/\/api.w.org\/{rel}","templated":true}]}}